{"id":527,"date":"2026-08-25T16:50:46","date_gmt":"2026-08-25T16:50:46","guid":{"rendered":"https:\/\/entrenosusa.com\/?p=527"},"modified":"2026-08-25T17:43:20","modified_gmt":"2026-08-25T17:43:20","slug":"dia-16-3","status":"publish","type":"post","link":"https:\/\/entrenosusa.com\/?p=527","title":{"rendered":"DIA 16"},"content":{"rendered":"\n<p class=\"wp-block-paragraph\"><strong>QUANDO AS PALAVRAS DEIXAM FERIDAS<\/strong><\/p>\n\n\n\n<p class=\"wp-block-paragraph\"><strong>Textos:<\/strong> Prov\u00e9rbios 12:18; Ef\u00e9sios 4:29<\/p>\n\n\n\n<p class=\"wp-block-paragraph\"><strong>\u201cAlgumas feridas n\u00e3o sangram diante dos olhos, mas permanecem abertas por muitos anos dentro da alma.\u201d<\/strong><\/p>\n\n\n\n<h2 class=\"wp-block-heading\"><strong>Medita\u00e7\u00e3o<\/strong><\/h2>\n\n\n\n<p class=\"wp-block-paragraph\">Depois de aprendermos a ouvir, escolher o momento certo, falar com humildade e preservar a comunh\u00e3o, uma pergunta inevitavelmente surge.<\/p>\n\n\n\n<p class=\"wp-block-paragraph\"><strong>O que fazemos quando falhamos?<\/strong><\/p>\n\n\n\n<p class=\"wp-block-paragraph\">Porque, por mais maduros que nos tornemos, haver\u00e1 dias em que diremos o que nunca dever\u00edamos ter dito.<\/p>\n\n\n\n<p class=\"wp-block-paragraph\">Palavras lan\u00e7adas no calor da emo\u00e7\u00e3o.<\/p>\n\n\n\n<p class=\"wp-block-paragraph\">Frases que escapam da boca, mas permanecem gravadas no cora\u00e7\u00e3o de quem as ouviu.<\/p>\n\n\n\n<p class=\"wp-block-paragraph\">H\u00e1 cicatrizes que um acidente provoca.<\/p>\n\n\n\n<p class=\"wp-block-paragraph\">Mas existem cicatrizes que foram produzidas por uma \u00fanica conversa.<\/p>\n\n\n\n<p class=\"wp-block-paragraph\">Salom\u00e3o conhecia esse poder quando escreveu:<\/p>\n\n\n\n<p class=\"wp-block-paragraph\"><strong>\u201cH\u00e1 palavras que ferem como espada, mas a l\u00edngua dos s\u00e1bios traz cura.\u201d<\/strong> (Prov\u00e9rbios 12:18)<\/p>\n\n\n\n<p class=\"wp-block-paragraph\">Observe o contraste.<\/p>\n\n\n\n<p class=\"wp-block-paragraph\">A mesma boca pode se tornar uma espada. Ou um instrumento de cura.<\/p>\n\n\n\n<p class=\"wp-block-paragraph\">A diferen\u00e7a n\u00e3o est\u00e1 apenas nas palavras. Est\u00e1 no cora\u00e7\u00e3o que as conduz.<\/p>\n\n\n\n<p class=\"wp-block-paragraph\">Talvez o maior perigo das palavras seja este:<\/p>\n\n\n\n<p class=\"wp-block-paragraph\">Elas continuam vivendo depois que a conversa termina. Uma cr\u00edtica injusta.<\/p>\n\n\n\n<p class=\"wp-block-paragraph\">Uma humilha\u00e7\u00e3o. Uma ironia repetida. Uma compara\u00e7\u00e3o.<\/p>\n\n\n\n<p class=\"wp-block-paragraph\">Um grito.<\/p>\n\n\n\n<p class=\"wp-block-paragraph\">Tudo isso pode durar poucos segundos.<\/p>\n\n\n\n<p class=\"wp-block-paragraph\">Mas a lembran\u00e7a pode permanecer durante anos. Infelizmente, muitos casais acreditam que basta dizer: <em>\u201cEu n\u00e3o quis dizer isso.\u201d<\/em><em><\/em><\/p>\n\n\n\n<p class=\"wp-block-paragraph\">Mas quem foi ferido n\u00e3o consegue apagar simplesmente aquilo que ouviu.<\/p>\n\n\n\n<p class=\"wp-block-paragraph\">\u00c9 por isso que Paulo nos faz um apelo extraordin\u00e1rio:<\/p>\n\n\n\n<p class=\"wp-block-paragraph\"><strong>\u201cN\u00e3o saia da vossa boca nenhuma palavra torpe, e sim unicamente a que for boa para edifica\u00e7\u00e3o, conforme a necessidade, para que conceda gra\u00e7a aos que a ouvem.\u201d<\/strong> (Ef\u00e9sios 4:29)<\/p>\n\n\n\n<p class=\"wp-block-paragraph\">Que crit\u00e9rio elevado.<\/p>\n\n\n\n<p class=\"wp-block-paragraph\">Antes de falar, devemos perguntar:<\/p>\n\n\n\n<p class=\"wp-block-paragraph\"><strong>Isso edifica?<\/strong><\/p>\n\n\n\n<p class=\"wp-block-paragraph\"><strong>Isso comunica gra\u00e7a?<\/strong><\/p>\n\n\n\n<p class=\"wp-block-paragraph\"><strong>Isso atende \u00e0 necessidade de quem est\u00e1 me ouvindo?<\/strong><\/p>\n\n\n\n<p class=\"wp-block-paragraph\">Se a resposta for n\u00e3o, talvez o sil\u00eancio seja mais santo do que aquela palavra.<\/p>\n\n\n\n<p class=\"wp-block-paragraph\">Isso n\u00e3o significa esconder conflitos.<\/p>\n\n\n\n<p class=\"wp-block-paragraph\">Significa lembrar que Deus nunca nos concede o direito de ferir algu\u00e9m em nome da sinceridade.<\/p>\n\n\n\n<p class=\"wp-block-paragraph\">A verdade pode confrontar. Mas nunca precisa humilhar.<\/p>\n\n\n\n<p class=\"wp-block-paragraph\">H\u00e1 uma diferen\u00e7a entre corrigir algu\u00e9m e atingir sua dignidade.<\/p>\n\n\n\n<p class=\"wp-block-paragraph\">Jesus corrigiu Pedro. Confrontou Marta.<\/p>\n\n\n\n<p class=\"wp-block-paragraph\">Exortou os disc\u00edpulos.<\/p>\n\n\n\n<p class=\"wp-block-paragraph\">Mas jamais utilizou Suas palavras para diminuir o valor das pessoas.<\/p>\n\n\n\n<p class=\"wp-block-paragraph\">At\u00e9 Seus confrontos carregavam esperan\u00e7a.<\/p>\n\n\n\n<p class=\"wp-block-paragraph\">Essa deve ser tamb\u00e9m a marca da nossa comunica\u00e7\u00e3o.<\/p>\n\n\n\n<p class=\"wp-block-paragraph\">Toda conversa dif\u00edcil deve terminar deixando o outro mais pr\u00f3ximo de Deus, mais consciente de Seu amor e mais seguro da alian\u00e7a que compartilha conosco.<\/p>\n\n\n\n<p class=\"wp-block-paragraph\">Porque uma palavra pode abrir uma ferida.<\/p>\n\n\n\n<p class=\"wp-block-paragraph\">Mas uma palavra governada por Cristo tamb\u00e9m pode come\u00e7ar a fech\u00e1-la.<\/p>\n\n\n\n<h2 class=\"wp-block-heading\"><strong>Princ\u00edpio do Dia<\/strong><\/h2>\n\n\n\n<p class=\"wp-block-paragraph\"><strong>Toda palavra deixa uma marca. A escolha \u00e9 nossa: produzir cicatrizes ou participar da cura que Deus deseja realizar.<\/strong><\/p>\n\n\n\n<h2 class=\"wp-block-heading\"><strong>Perguntas para conversar<\/strong><\/h2>\n\n\n\n<ol class=\"wp-block-list\">\n<li>Existe alguma palavra minha que ainda machuca voc\u00ea quando se lembra dela?<\/li>\n\n\n\n<li>H\u00e1 alguma frase que ouvi de voc\u00ea e que ainda preciso colocar diante de Deus para ser curada?<\/li>\n\n\n\n<li>Como podemos transformar nossa comunica\u00e7\u00e3o em um lugar de restaura\u00e7\u00e3o, e n\u00e3o de feridas?<\/li>\n<\/ol>\n\n\n\n<h2 class=\"wp-block-heading\"><strong>Pr\u00e1tica do Dia<\/strong><\/h2>\n\n\n\n<p class=\"wp-block-paragraph\">Perguntem um ao outro, com coragem e humildade:<\/p>\n\n\n\n<p class=\"wp-block-paragraph\"><strong>\u201cExiste alguma palavra que eu disse no passado e que ainda d\u00f3i em voc\u00ea?\u201d<\/strong><\/p>\n\n\n\n<p class=\"wp-block-paragraph\">N\u00e3o interrompam. N\u00e3o expliquem.<\/p>\n\n\n\n<p class=\"wp-block-paragraph\">N\u00e3o se defendam. Apenas ou\u00e7am.<\/p>\n\n\n\n<p class=\"wp-block-paragraph\">\u00c0s vezes, a cura come\u00e7a quando finalmente damos espa\u00e7o para a dor ser nomeada.<\/p>\n\n\n\n<h2 class=\"wp-block-heading\"><strong>Desafio do Casal<\/strong><\/h2>\n\n\n\n<p class=\"wp-block-paragraph\">Hoje, assumam um compromisso diante de Deus:<\/p>\n\n\n\n<p class=\"wp-block-paragraph\">Nunca utilizar palavras que ataquem a identidade, o valor ou a dignidade um do outro.<\/p>\n\n\n\n<p class=\"wp-block-paragraph\">Confrontem atitudes. Nunca destruam pessoas.<\/p>\n\n\n\n<h2 class=\"wp-block-heading\"><strong>Di\u00e1rio do Casal<\/strong><\/h2>\n\n\n\n<ul class=\"wp-block-list\">\n<li>Que marcas minhas palavras t\u00eam deixado?<\/li>\n\n\n\n<li>Tenho usado minha voz para proteger ou para ferir?<\/li>\n\n\n\n<li>Que tipo de lembran\u00e7a quero que meu c\u00f4njuge tenha quando pensar nas minhas palavras?<\/li>\n<\/ul>\n\n\n\n<h2 class=\"wp-block-heading\"><strong>Ora\u00e7\u00e3o<\/strong><\/h2>\n\n\n\n<p class=\"wp-block-paragraph\">Pai, reconhecemos que muitas vezes nossas palavras feriram aqueles que mais amamos.<\/p>\n\n\n\n<p class=\"wp-block-paragraph\">Perdoa-nos pelas frases impensadas, pelos gritos, pelas ironias e por tudo aquilo que produziu dor em vez de vida.<\/p>\n\n\n\n<p class=\"wp-block-paragraph\">Purifica nossos l\u00e1bios e transforma nosso cora\u00e7\u00e3o.<\/p>\n\n\n\n<p class=\"wp-block-paragraph\">Que nossa boca seja instrumento de edifica\u00e7\u00e3o, consolo e esperan\u00e7a.<\/p>\n\n\n\n<p class=\"wp-block-paragraph\">E, onde houver feridas causadas por nossas palavras, pedimos que Teu Esp\u00edrito realize a cura que somente o Senhor pode realizar.<\/p>\n\n\n\n<p class=\"wp-block-paragraph\">Em nome de Jesus.<\/p>\n\n\n\n<p class=\"wp-block-paragraph\"><strong>Am\u00e9m.<\/strong><\/p>\n\n\n\n<h2 class=\"wp-block-heading\"><strong>Para memorizar<\/strong><\/h2>\n\n\n\n<p class=\"wp-block-paragraph\"><strong>Ef\u00e9sios 4:29<\/strong><strong><\/strong><\/p>\n\n\n\n<p class=\"wp-block-paragraph\"><em>\u201cN\u00e3o saia da vossa boca nenhuma palavra torpe, e sim unicamente a que for boa para edifica\u00e7\u00e3o\u2026\u201d<\/em><\/p>\n\n\n\n<h2 class=\"wp-block-heading\"><strong>Declara\u00e7\u00e3o do Dia<\/strong><\/h2>\n\n\n\n<p class=\"wp-block-paragraph\"><strong>Hoje decidimos usar nossa voz para construir e nunca para destruir. Que cada palavra pronunciada entre n\u00f3s reflita a gra\u00e7a de Cristo, preserve nossa dignidade e participe da cura que Deus deseja realizar em nosso casamento.<\/strong><\/p>\n","protected":false},"excerpt":{"rendered":"<p>QUANDO AS PALAVRAS DEIXAM FERIDAS Textos: Prov\u00e9rbios 12:18; Ef\u00e9sios 4:29 \u201cAlgumas feridas n\u00e3o sangram diante dos olhos, mas permanecem abertas por muitos anos dentro da alma.\u201d Medita\u00e7\u00e3o Depois de aprendermos a ouvir, escolher o momento certo, falar com humildade e preservar a comunh\u00e3o, uma pergunta inevitavelmente surge. O que fazemos quando falhamos? Porque, por mais [&hellip;]<\/p>\n","protected":false},"author":1,"featured_media":528,"comment_status":"open","ping_status":"open","sticky":false,"template":"","format":"standard","meta":{"footnotes":""},"categories":[13],"tags":[],"class_list":["post-527","post","type-post","status-publish","format-standard","has-post-thumbnail","hentry","category-comunicacao-que-cura"],"_links":{"self":[{"href":"https:\/\/entrenosusa.com\/index.php?rest_route=\/wp\/v2\/posts\/527","targetHints":{"allow":["GET"]}}],"collection":[{"href":"https:\/\/entrenosusa.com\/index.php?rest_route=\/wp\/v2\/posts"}],"about":[{"href":"https:\/\/entrenosusa.com\/index.php?rest_route=\/wp\/v2\/types\/post"}],"author":[{"embeddable":true,"href":"https:\/\/entrenosusa.com\/index.php?rest_route=\/wp\/v2\/users\/1"}],"replies":[{"embeddable":true,"href":"https:\/\/entrenosusa.com\/index.php?rest_route=%2Fwp%2Fv2%2Fcomments&post=527"}],"version-history":[{"count":1,"href":"https:\/\/entrenosusa.com\/index.php?rest_route=\/wp\/v2\/posts\/527\/revisions"}],"predecessor-version":[{"id":529,"href":"https:\/\/entrenosusa.com\/index.php?rest_route=\/wp\/v2\/posts\/527\/revisions\/529"}],"wp:featuredmedia":[{"embeddable":true,"href":"https:\/\/entrenosusa.com\/index.php?rest_route=\/wp\/v2\/media\/528"}],"wp:attachment":[{"href":"https:\/\/entrenosusa.com\/index.php?rest_route=%2Fwp%2Fv2%2Fmedia&parent=527"}],"wp:term":[{"taxonomy":"category","embeddable":true,"href":"https:\/\/entrenosusa.com\/index.php?rest_route=%2Fwp%2Fv2%2Fcategories&post=527"},{"taxonomy":"post_tag","embeddable":true,"href":"https:\/\/entrenosusa.com\/index.php?rest_route=%2Fwp%2Fv2%2Ftags&post=527"}],"curies":[{"name":"wp","href":"https:\/\/api.w.org\/{rel}","templated":true}]}}