{"id":500,"date":"2026-08-25T16:30:28","date_gmt":"2026-08-25T16:30:28","guid":{"rendered":"https:\/\/entrenosusa.com\/?p=500"},"modified":"2026-08-25T17:43:20","modified_gmt":"2026-08-25T17:43:20","slug":"dia-7-3","status":"publish","type":"post","link":"https:\/\/entrenosusa.com\/?p=500","title":{"rendered":"DIA 7"},"content":{"rendered":"\n<p class=\"wp-block-paragraph\"><strong>A BOCA REVELA O CORA\u00c7\u00c3O<\/strong><\/p>\n\n\n\n<p class=\"wp-block-paragraph\"><strong>Texto:<\/strong> Lucas 6:45; Prov\u00e9rbios 4:23<\/p>\n\n\n\n<p class=\"wp-block-paragraph\"><strong>\u201cNenhuma palavra nasce na boca. Antes de ser pronunciada, ela j\u00e1 habitava o cora\u00e7\u00e3o.\u201d<\/strong><\/p>\n\n\n\n<h2 class=\"wp-block-heading\"><strong>Medita\u00e7\u00e3o<\/strong><\/h2>\n\n\n\n<p class=\"wp-block-paragraph\">Existe um erro muito comum quando pensamos sobre comunica\u00e7\u00e3o.<\/p>\n\n\n\n<p class=\"wp-block-paragraph\">Imaginamos que o problema est\u00e1 nas palavras. Ent\u00e3o tentamos controlar a l\u00edngua.<\/p>\n\n\n\n<p class=\"wp-block-paragraph\">Escolhemos melhor o vocabul\u00e1rio. Falamos mais baixo.<\/p>\n\n\n\n<p class=\"wp-block-paragraph\">Contamos at\u00e9 dez.<\/p>\n\n\n\n<p class=\"wp-block-paragraph\">E tudo isso pode ser \u00fatil.<\/p>\n\n\n\n<p class=\"wp-block-paragraph\">Mas Jesus nos conduz a um lugar muito mais profundo. Ele n\u00e3o olha primeiro para a boca.<\/p>\n\n\n\n<p class=\"wp-block-paragraph\">Ele olha para o cora\u00e7\u00e3o.<\/p>\n\n\n\n<p class=\"wp-block-paragraph\">Ao ensinar sobre a verdadeira natureza do ser humano, Ele declara:<\/p>\n\n\n\n<p class=\"wp-block-paragraph\"><strong>\u201cO homem bom tira o bem do bom tesouro do seu cora\u00e7\u00e3o, e o mau tira o mal do mau tesouro; porque a boca fala do que est\u00e1 cheio o cora\u00e7\u00e3o.\u201d<\/strong> (Lucas 6:45)<\/p>\n\n\n\n<p class=\"wp-block-paragraph\">Perceba a ordem.<\/p>\n\n\n\n<p class=\"wp-block-paragraph\">O cora\u00e7\u00e3o vem antes da palavra.<\/p>\n\n\n\n<p class=\"wp-block-paragraph\">As palavras s\u00e3o apenas a superf\u00edcie. O cora\u00e7\u00e3o \u00e9 a fonte.<\/p>\n\n\n\n<p class=\"wp-block-paragraph\">Quando uma nascente est\u00e1 contaminada, toda a \u00e1gua que dela procede tamb\u00e9m estar\u00e1.<\/p>\n\n\n\n<p class=\"wp-block-paragraph\">Da mesma forma, uma comunica\u00e7\u00e3o marcada pela impaci\u00eancia, pelo orgulho, pela amargura ou pelo ego\u00edsmo n\u00e3o \u00e9 o problema principal.<\/p>\n\n\n\n<p class=\"wp-block-paragraph\">Ela apenas revela algo que j\u00e1 estava acontecendo no interior.<\/p>\n\n\n\n<p class=\"wp-block-paragraph\">\u00c9 por isso que Jesus nunca se contentou em corrigir comportamentos.<\/p>\n\n\n\n<p class=\"wp-block-paragraph\">Ele sempre buscou transformar o cora\u00e7\u00e3o.<\/p>\n\n\n\n<p class=\"wp-block-paragraph\">No casamento, muitas discuss\u00f5es s\u00e3o tratadas apenas no n\u00edvel das frases ditas.<\/p>\n\n\n\n<p class=\"wp-block-paragraph\">Pedimos desculpas pelas palavras. Prometemos falar diferente.<\/p>\n\n\n\n<p class=\"wp-block-paragraph\">Fazemos acordos sobre o tom de voz. Tudo isso \u00e9 importante.<\/p>\n\n\n\n<p class=\"wp-block-paragraph\">Mas, se o cora\u00e7\u00e3o continuar alimentando ressentimento, competi\u00e7\u00e3o, vaidade ou indiferen\u00e7a, novas palavras ferir\u00e3o novamente.<\/p>\n\n\n\n<p class=\"wp-block-paragraph\">Mais cedo ou mais tarde, aquilo que est\u00e1 escondido encontrar\u00e1 uma voz.<\/p>\n\n\n\n<p class=\"wp-block-paragraph\">Salom\u00e3o compreendeu essa realidade quando escreveu:<\/p>\n\n\n\n<p class=\"wp-block-paragraph\"><strong>\u201cSobre tudo o que se deve guardar, guarda o teu cora\u00e7\u00e3o, porque dele procedem as fontes da vida.\u201d<\/strong> (Prov\u00e9rbios 4:23)<\/p>\n\n\n\n<p class=\"wp-block-paragraph\">O cora\u00e7\u00e3o \u00e9 chamado de \u201cfonte\u201d.<\/p>\n\n\n\n<p class=\"wp-block-paragraph\">Uma fonte nunca produz \u00e1gua diferente daquela que existe em sua nascente.<\/p>\n\n\n\n<p class=\"wp-block-paragraph\">Da mesma forma, nossa comunica\u00e7\u00e3o nunca ser\u00e1 mais saud\u00e1vel do que o cora\u00e7\u00e3o que a produz.<\/p>\n\n\n\n<p class=\"wp-block-paragraph\">Talvez seja por isso que Deus esteja mais interessado em santificar nosso interior do que apenas aperfei\u00e7oar nossa linguagem.<\/p>\n\n\n\n<p class=\"wp-block-paragraph\">Quando Cristo reina no cora\u00e7\u00e3o, a boca come\u00e7a, naturalmente, a refletir Sua presen\u00e7a.<\/p>\n\n\n\n<p class=\"wp-block-paragraph\">As palavras tornam-se mais pacientes. Mais verdadeiras.<\/p>\n\n\n\n<p class=\"wp-block-paragraph\">Mais humildes. Mais restauradoras.<\/p>\n\n\n\n<p class=\"wp-block-paragraph\">A verdadeira transforma\u00e7\u00e3o da comunica\u00e7\u00e3o n\u00e3o acontece quando aprendemos novas t\u00e9cnicas.<\/p>\n\n\n\n<p class=\"wp-block-paragraph\">Ela acontece quando permitimos que o Esp\u00edrito Santo transforme a fonte de onde nossas palavras brotam.<\/p>\n\n\n\n<p class=\"wp-block-paragraph\">Porque um cora\u00e7\u00e3o cheio de Cristo inevitavelmente encontrar\u00e1 uma maneira de falar como Cristo.<\/p>\n\n\n\n<h2 class=\"wp-block-heading\"><strong>Princ\u00edpio do Dia<\/strong><\/h2>\n\n\n\n<p class=\"wp-block-paragraph\"><strong>Toda comunica\u00e7\u00e3o revela a condi\u00e7\u00e3o do cora\u00e7\u00e3o. Mudar as palavras sem transformar o cora\u00e7\u00e3o produz apenas mudan\u00e7as tempor\u00e1rias.<\/strong><\/p>\n\n\n\n<h2 class=\"wp-block-heading\"><strong>Perguntas para conversar<\/strong><\/h2>\n\n\n\n<ol class=\"wp-block-list\">\n<li>O que nossas palavras revelam sobre o estado do nosso cora\u00e7\u00e3o hoje?<\/li>\n\n\n\n<li>Existe alguma emo\u00e7\u00e3o que tenho alimentado em sil\u00eancio e que acaba aparecendo na maneira como falo com voc\u00ea?<\/li>\n\n\n\n<li>Como podemos cuidar mais do cora\u00e7\u00e3o do que apenas das palavras?<\/li>\n<\/ol>\n\n\n\n<h2 class=\"wp-block-heading\"><strong>Pr\u00e1tica do Dia<\/strong><\/h2>\n\n\n\n<p class=\"wp-block-paragraph\">Antes de qualquer conversa importante, fa\u00e7am uma pergunta a si mesmos:<\/p>\n\n\n\n<p class=\"wp-block-paragraph\"><strong>\u201cO que est\u00e1 enchendo meu cora\u00e7\u00e3o neste momento?\u201d<\/strong><\/p>\n\n\n\n<p class=\"wp-block-paragraph\">Se perceberem ira, orgulho, ansiedade ou ressentimento, parem por alguns minutos e orem antes de continuar a conversa.<\/p>\n\n\n\n<p class=\"wp-block-paragraph\">Cora\u00e7\u00f5es preparados produzem palavras diferentes.<\/p>\n\n\n\n<h2 class=\"wp-block-heading\"><strong>Desafio do Casal<\/strong><\/h2>\n\n\n\n<p class=\"wp-block-paragraph\">Hoje, n\u00e3o tentem apenas controlar as palavras.<\/p>\n\n\n\n<p class=\"wp-block-paragraph\">Pe\u00e7am a Deus que revele aquilo que est\u00e1 escondido no cora\u00e7\u00e3o.<\/p>\n\n\n\n<p class=\"wp-block-paragraph\">Conversem n\u00e3o apenas sobre o que foi dito, mas sobre o que levou cada um a dizer aquilo.<\/p>\n\n\n\n<p class=\"wp-block-paragraph\">Procurem a raiz, n\u00e3o apenas os frutos.<\/p>\n\n\n\n<h2 class=\"wp-block-heading\"><strong>Di\u00e1rio do Casal<\/strong><\/h2>\n\n\n\n<ul class=\"wp-block-list\">\n<li>O que Deus revelou ao meu cora\u00e7\u00e3o hoje?<\/li>\n\n\n\n<li>Houve alguma palavra que denunciou uma \u00e1rea que ainda precisa ser transformada?<\/li>\n\n\n\n<li>Como posso permitir que Cristo governe mais profundamente o meu interior?<\/li>\n<\/ul>\n\n\n\n<h2 class=\"wp-block-heading\"><strong>Ora\u00e7\u00e3o<\/strong><\/h2>\n\n\n\n<p class=\"wp-block-paragraph\">Pai, reconhecemos que muitas vezes tentamos mudar apenas nossa maneira de falar, enquanto preservamos um cora\u00e7\u00e3o ferido, orgulhoso ou impaciente.<\/p>\n\n\n\n<p class=\"wp-block-paragraph\">Sonda-nos, Senhor.<\/p>\n\n\n\n<p class=\"wp-block-paragraph\">Revela aquilo que ainda n\u00e3o se parece com Cristo.<\/p>\n\n\n\n<p class=\"wp-block-paragraph\">Purifica a fonte, para que tamb\u00e9m sejam puras as palavras que dela procedem.<\/p>\n\n\n\n<p class=\"wp-block-paragraph\">Que nossa comunica\u00e7\u00e3o n\u00e3o seja apenas educada, mas transformada pela a\u00e7\u00e3o do Teu Esp\u00edrito.<\/p>\n\n\n\n<p class=\"wp-block-paragraph\">Forma em n\u00f3s um cora\u00e7\u00e3o semelhante ao de Jesus, para que nossas palavras levem vida, paz e esperan\u00e7a ao nosso casamento.<\/p>\n\n\n\n<p class=\"wp-block-paragraph\">Em nome de Jesus.<\/p>\n\n\n\n<p class=\"wp-block-paragraph\"><strong>Am\u00e9m.<\/strong><strong><\/strong><\/p>\n\n\n\n<h2 class=\"wp-block-heading\"><strong>Para memorizar<\/strong><\/h2>\n\n\n\n<p class=\"wp-block-paragraph\"><strong>Lucas 6:45<\/strong><\/p>\n\n\n\n<p class=\"wp-block-paragraph\"><em>\u201d\u2026porque a boca fala do que est\u00e1 cheio o cora\u00e7\u00e3o.\u201d<\/em><\/p>\n\n\n\n<h2 class=\"wp-block-heading\"><strong>Declara\u00e7\u00e3o do Dia<\/strong><\/h2>\n\n\n\n<p class=\"wp-block-paragraph\"><strong>Hoje decidimos permitir que Deus transforme o nosso cora\u00e7\u00e3o antes das nossas palavras. Cremos que, \u00e0 medida que Cristo governa nosso interior, nossa comunica\u00e7\u00e3o refletir\u00e1 Sua gra\u00e7a, Sua verdade e Seu amor, fortalecendo nossa alian\u00e7a para a gl\u00f3ria de Deus.<\/strong><\/p>\n","protected":false},"excerpt":{"rendered":"<p>A BOCA REVELA O CORA\u00c7\u00c3O Texto: Lucas 6:45; Prov\u00e9rbios 4:23 \u201cNenhuma palavra nasce na boca. Antes de ser pronunciada, ela j\u00e1 habitava o cora\u00e7\u00e3o.\u201d Medita\u00e7\u00e3o Existe um erro muito comum quando pensamos sobre comunica\u00e7\u00e3o. Imaginamos que o problema est\u00e1 nas palavras. Ent\u00e3o tentamos controlar a l\u00edngua. Escolhemos melhor o vocabul\u00e1rio. Falamos mais baixo. Contamos at\u00e9 [&hellip;]<\/p>\n","protected":false},"author":1,"featured_media":501,"comment_status":"open","ping_status":"open","sticky":false,"template":"","format":"standard","meta":{"footnotes":""},"categories":[13],"tags":[],"class_list":["post-500","post","type-post","status-publish","format-standard","has-post-thumbnail","hentry","category-comunicacao-que-cura"],"_links":{"self":[{"href":"https:\/\/entrenosusa.com\/index.php?rest_route=\/wp\/v2\/posts\/500","targetHints":{"allow":["GET"]}}],"collection":[{"href":"https:\/\/entrenosusa.com\/index.php?rest_route=\/wp\/v2\/posts"}],"about":[{"href":"https:\/\/entrenosusa.com\/index.php?rest_route=\/wp\/v2\/types\/post"}],"author":[{"embeddable":true,"href":"https:\/\/entrenosusa.com\/index.php?rest_route=\/wp\/v2\/users\/1"}],"replies":[{"embeddable":true,"href":"https:\/\/entrenosusa.com\/index.php?rest_route=%2Fwp%2Fv2%2Fcomments&post=500"}],"version-history":[{"count":1,"href":"https:\/\/entrenosusa.com\/index.php?rest_route=\/wp\/v2\/posts\/500\/revisions"}],"predecessor-version":[{"id":502,"href":"https:\/\/entrenosusa.com\/index.php?rest_route=\/wp\/v2\/posts\/500\/revisions\/502"}],"wp:featuredmedia":[{"embeddable":true,"href":"https:\/\/entrenosusa.com\/index.php?rest_route=\/wp\/v2\/media\/501"}],"wp:attachment":[{"href":"https:\/\/entrenosusa.com\/index.php?rest_route=%2Fwp%2Fv2%2Fmedia&parent=500"}],"wp:term":[{"taxonomy":"category","embeddable":true,"href":"https:\/\/entrenosusa.com\/index.php?rest_route=%2Fwp%2Fv2%2Fcategories&post=500"},{"taxonomy":"post_tag","embeddable":true,"href":"https:\/\/entrenosusa.com\/index.php?rest_route=%2Fwp%2Fv2%2Ftags&post=500"}],"curies":[{"name":"wp","href":"https:\/\/api.w.org\/{rel}","templated":true}]}}