{"id":480,"date":"2026-08-25T16:22:28","date_gmt":"2026-08-25T16:22:28","guid":{"rendered":"https:\/\/entrenosusa.com\/?p=480"},"modified":"2026-08-25T17:43:20","modified_gmt":"2026-08-25T17:43:20","slug":"dia-1-3","status":"publish","type":"post","link":"https:\/\/entrenosusa.com\/?p=480","title":{"rendered":"DIA 1"},"content":{"rendered":"\n<p class=\"wp-block-paragraph\"><strong>A COMUNICA\u00c7\u00c3O NASCEU EM DEUS<\/strong><\/p>\n\n\n\n<p class=\"wp-block-paragraph\"><strong>Texto:<\/strong> G\u00eanesis 1:26; Jo\u00e3o 1:1<\/p>\n\n\n\n<p class=\"wp-block-paragraph\"><em>\u201cCom Deus, sempre h\u00e1 novos recome\u00e7os.\u201d<\/em><\/p>\n\n\n\n<p class=\"wp-block-paragraph\"><strong>Medita\u00e7\u00e3o<\/strong><\/p>\n\n\n\n<p class=\"wp-block-paragraph\">Antes de existir casamento, fam\u00edlia, linguagem e cultura, j\u00e1 havia comunica\u00e7\u00e3o \u2014 dentro do pr\u00f3prio Deus.<\/p>\n\n\n\n<p class=\"wp-block-paragraph\">Essa n\u00e3o \u00e9 uma ideia secund\u00e1ria; \u00e9 fundacional.<\/p>\n\n\n\n<p class=\"wp-block-paragraph\">A primeira revela\u00e7\u00e3o das Escrituras n\u00e3o \u00e9 sobre necessidades humanas, mas sobre um Deus que fala.<\/p>\n\n\n\n<p class=\"wp-block-paragraph\">Deus cria por meio da Palavra. Ele fala \u2014 e o caos recua.<\/p>\n\n\n\n<p class=\"wp-block-paragraph\">Ele fala \u2014 e a ordem emerge. Ele fala \u2014 e a vida floresce.<\/p>\n\n\n\n<p class=\"wp-block-paragraph\">A cria\u00e7\u00e3o n\u00e3o nasce do acaso. Nasce do Verbo.<\/p>\n\n\n\n<p class=\"wp-block-paragraph\">Porque a Palavra de Deus n\u00e3o apenas comunica: ela organiza realidades.<\/p>\n\n\n\n<p class=\"wp-block-paragraph\">Quando Deus diz:<\/p>\n\n\n\n<p class=\"wp-block-paragraph\"><strong>\u201cFa\u00e7amos o homem\u2026\u201d<\/strong><\/p>\n\n\n\n<p class=\"wp-block-paragraph\">somos introduzidos ao mist\u00e9rio relacional do pr\u00f3prio Deus. Antes da queda havia comunh\u00e3o.<\/p>\n\n\n\n<p class=\"wp-block-paragraph\">Antes do pecado havia di\u00e1logo. Antes do conflito havia voz.<\/p>\n\n\n\n<p class=\"wp-block-paragraph\">Isso revela algo profundo:<\/p>\n\n\n\n<p class=\"wp-block-paragraph\">Relacionamentos saud\u00e1veis n\u00e3o s\u00e3o constru\u00eddos primeiro por afinidade, mas por comunica\u00e7\u00e3o.<\/p>\n\n\n\n<p class=\"wp-block-paragraph\">Se fomos feitos \u00e0 imagem de um Deus que fala, ent\u00e3o conversar, ouvir, acolher, explicar e alinhar o cora\u00e7\u00e3o n\u00e3o s\u00e3o apenas habilidades humanas \u2014 s\u00e3o reflexos espirituais.<\/p>\n\n\n\n<p class=\"wp-block-paragraph\">No casamento isso \u00e9 decisivo.<\/p>\n\n\n\n<p class=\"wp-block-paragraph\">Um lar n\u00e3o \u00e9 constru\u00eddo apenas por contas pagas, trabalho, responsabilidades ou rotina.<\/p>\n\n\n\n<p class=\"wp-block-paragraph\">Lares s\u00e3o constru\u00eddos por palavras. Palavras moldam atmosferas.<\/p>\n\n\n\n<p class=\"wp-block-paragraph\">Palavras podem ferir. Palavras podem curar.<\/p>\n\n\n\n<p class=\"wp-block-paragraph\">Palavras podem levantar muros. Ou construir pontes.<\/p>\n\n\n\n<p class=\"wp-block-paragraph\">Onde a comunica\u00e7\u00e3o se rompe, o amor nem sempre acabou<\/p>\n\n\n\n<p class=\"wp-block-paragraph\">\u2014 mas frequentemente se perdeu dentro do sil\u00eancio.<\/p>\n\n\n\n<p class=\"wp-block-paragraph\">Muitos casamentos n\u00e3o adoecem por falta de amor, mas por falta de escuta.<\/p>\n\n\n\n<p class=\"wp-block-paragraph\">Falta linguagem para o cora\u00e7\u00e3o. Falta presen\u00e7a na conversa.<\/p>\n\n\n\n<p class=\"wp-block-paragraph\">Falta verdade dita com gra\u00e7a.<\/p>\n\n\n\n<p class=\"wp-block-paragraph\">Mas quando a comunica\u00e7\u00e3o \u00e9 restaurada, ambientes voltam a respirar.<\/p>\n\n\n\n<p class=\"wp-block-paragraph\">A casa volta a ter paz. A alma volta a repousar.<\/p>\n\n\n\n<p class=\"wp-block-paragraph\">O casamento volta a florescer.<\/p>\n\n\n\n<p class=\"wp-block-paragraph\">Quando um casal aprende a conversar \u00e0 luz de Deus, o lar deixa de ser apenas um espa\u00e7o f\u00edsico e torna-se um ambiente espiritual.<\/p>\n\n\n\n<p class=\"wp-block-paragraph\">Lugar onde a vida \u00e9 alinhada. Onde feridas s\u00e3o tratadas.<\/p>\n\n\n\n<p class=\"wp-block-paragraph\">Onde destinos s\u00e3o preservados.<\/p>\n\n\n\n<p class=\"wp-block-paragraph\">Este devocional come\u00e7a aqui por uma raz\u00e3o:<\/p>\n\n\n\n<p class=\"wp-block-paragraph\"><strong>Restaurar a comunica\u00e7\u00e3o \u00e9 voltar \u00e0 origem.<\/strong><\/p>\n\n\n\n<p class=\"wp-block-paragraph\">\u00c9 reaprender a falar como Deus fala:<\/p>\n\n\n\n<ul class=\"wp-block-list\">\n<li>com inten\u00e7\u00e3o;<\/li>\n\n\n\n<li>com verdade;<\/li>\n\n\n\n<li>com amor.<\/li>\n<\/ul>\n\n\n\n<h2 class=\"wp-block-heading\"><strong>Princ\u00edpio do Dia<\/strong><\/h2>\n\n\n\n<p class=\"wp-block-paragraph\"><strong>Comunica\u00e7\u00e3o n\u00e3o \u00e9 apenas trocar palavras. \u00c9 construir ambiente.<\/strong><\/p>\n\n\n\n<h2 class=\"wp-block-heading\"><strong>Perguntas para conversar<\/strong><\/h2>\n\n\n\n<ol class=\"wp-block-list\">\n<li>Quando voc\u00ea se sente verdadeiramente ouvido(a) por mim?<\/li>\n\n\n\n<li>Em que momentos nossa comunica\u00e7\u00e3o se enfraquece mais?<\/li>\n\n\n\n<li>O que podemos fazer para que nossa casa seja um lugar mais seguro para conversarmos?<\/li>\n<\/ol>\n\n\n\n<h2 class=\"wp-block-heading\"><strong>Pr\u00e1tica do dia<\/strong><\/h2>\n\n\n\n<p class=\"wp-block-paragraph\">Cada um complete, em voz alta, com calma e sem interrup\u00e7\u00f5es:<\/p>\n\n\n\n<p class=\"wp-block-paragraph\">\u201cEu me sinto mais amado(a), conectado(a) a voc\u00ea quando\u2026\u201d<\/p>\n\n\n\n<p class=\"wp-block-paragraph\">\u201cUma coisa que eu gostaria que melhorasse na nossa comunica\u00e7\u00e3o \u00e9\u2026\u201d<\/p>\n\n\n\n<p class=\"wp-block-paragraph\">O outro apenas responde:<\/p>\n\n\n\n<p class=\"wp-block-paragraph\"><strong>\u201cObrigado por compartilhar isso comigo.\u201d<\/strong><\/p>\n\n\n\n<ul class=\"wp-block-list\">\n<li>Ou\u00e7a com aten\u00e7\u00e3o.<\/li>\n\n\n\n<li>Receba com respeito.<\/li>\n\n\n\n<li>Acolha com amor.<\/li>\n<\/ul>\n\n\n\n<h2 class=\"wp-block-heading\"><strong>Desafio do casal<\/strong><\/h2>\n\n\n\n<p class=\"wp-block-paragraph\">Hoje, separem <strong>15 minutos sem celulares<\/strong>. Sentem-se frente a frente.<\/p>\n\n\n\n<p class=\"wp-block-paragraph\">Olhem um para o outro. Conversem.<\/p>\n\n\n\n<p class=\"wp-block-paragraph\">Escutem.<\/p>\n\n\n\n<p class=\"wp-block-paragraph\">N\u00e3o para resolver problemas, mas para reencontrar o cora\u00e7\u00e3o.<\/p>\n\n\n\n<h2 class=\"wp-block-heading\"><strong>Di\u00e1rio do casal<\/strong><\/h2>\n\n\n\n<ul class=\"wp-block-list\">\n<li>O que Deus falou conosco hoje?<\/li>\n\n\n\n<li>O que queremos praticar esta semana?<\/li>\n<\/ul>\n\n\n\n<h2 class=\"wp-block-heading\"><strong>Ora\u00e7\u00e3o<\/strong><\/h2>\n\n\n\n<p class=\"wp-block-paragraph\">Senhor, reconhecemos que a comunica\u00e7\u00e3o nasceu em Ti.<\/p>\n\n\n\n<p class=\"wp-block-paragraph\">Ensina-nos a falar com sabedoria, a ouvir com amor e a construir nosso lar com palavras que geram vida.<\/p>\n\n\n\n<p class=\"wp-block-paragraph\">Cura ru\u00eddos. Restaura di\u00e1logos.<\/p>\n\n\n\n<p class=\"wp-block-paragraph\">Santifica nossa linguagem.<\/p>\n\n\n\n<p class=\"wp-block-paragraph\">Livra-nos de palavras duras, do sil\u00eancio que distancia e da comunica\u00e7\u00e3o que fere.<\/p>\n\n\n\n<p class=\"wp-block-paragraph\">Que nosso casamento reflita Tua voz, Tua ordem e Teu amor. Que nossa casa seja um ambiente onde a vida flores\u00e7a.<\/p>\n\n\n\n<p class=\"wp-block-paragraph\">Em nome de Jesus, am\u00e9m.<\/p>\n\n\n\n<h2 class=\"wp-block-heading\"><strong>Para memorizar<\/strong><\/h2>\n\n\n\n<p class=\"wp-block-paragraph\"><strong>Ef\u00e9sios 4:29<\/strong><\/p>\n\n\n\n<p class=\"wp-block-paragraph\"><em>\u201cN\u00e3o saia da vossa boca nenhuma palavra torpe, e sim unicamente a que for boa para edifica\u00e7\u00e3o, conforme a necessidade, e que assim transmita gra\u00e7a aos que ouvem.\u201d<\/em><\/p>\n\n\n\n<h2 class=\"wp-block-heading\"><strong>Declara\u00e7\u00e3o do Dia<\/strong><\/h2>\n\n\n\n<p class=\"wp-block-paragraph\"><strong>Em nosso lar haver\u00e1 palavras que curam, escuta que acolhe e conversas guiadas por Deus.<\/strong><\/p>\n","protected":false},"excerpt":{"rendered":"<p>A COMUNICA\u00c7\u00c3O NASCEU EM DEUS Texto: G\u00eanesis 1:26; Jo\u00e3o 1:1 \u201cCom Deus, sempre h\u00e1 novos recome\u00e7os.\u201d Medita\u00e7\u00e3o Antes de existir casamento, fam\u00edlia, linguagem e cultura, j\u00e1 havia comunica\u00e7\u00e3o \u2014 dentro do pr\u00f3prio Deus. Essa n\u00e3o \u00e9 uma ideia secund\u00e1ria; \u00e9 fundacional. A primeira revela\u00e7\u00e3o das Escrituras n\u00e3o \u00e9 sobre necessidades humanas, mas sobre um Deus [&hellip;]<\/p>\n","protected":false},"author":1,"featured_media":481,"comment_status":"open","ping_status":"open","sticky":false,"template":"","format":"standard","meta":{"footnotes":""},"categories":[13],"tags":[],"class_list":["post-480","post","type-post","status-publish","format-standard","has-post-thumbnail","hentry","category-comunicacao-que-cura"],"_links":{"self":[{"href":"https:\/\/entrenosusa.com\/index.php?rest_route=\/wp\/v2\/posts\/480","targetHints":{"allow":["GET"]}}],"collection":[{"href":"https:\/\/entrenosusa.com\/index.php?rest_route=\/wp\/v2\/posts"}],"about":[{"href":"https:\/\/entrenosusa.com\/index.php?rest_route=\/wp\/v2\/types\/post"}],"author":[{"embeddable":true,"href":"https:\/\/entrenosusa.com\/index.php?rest_route=\/wp\/v2\/users\/1"}],"replies":[{"embeddable":true,"href":"https:\/\/entrenosusa.com\/index.php?rest_route=%2Fwp%2Fv2%2Fcomments&post=480"}],"version-history":[{"count":1,"href":"https:\/\/entrenosusa.com\/index.php?rest_route=\/wp\/v2\/posts\/480\/revisions"}],"predecessor-version":[{"id":482,"href":"https:\/\/entrenosusa.com\/index.php?rest_route=\/wp\/v2\/posts\/480\/revisions\/482"}],"wp:featuredmedia":[{"embeddable":true,"href":"https:\/\/entrenosusa.com\/index.php?rest_route=\/wp\/v2\/media\/481"}],"wp:attachment":[{"href":"https:\/\/entrenosusa.com\/index.php?rest_route=%2Fwp%2Fv2%2Fmedia&parent=480"}],"wp:term":[{"taxonomy":"category","embeddable":true,"href":"https:\/\/entrenosusa.com\/index.php?rest_route=%2Fwp%2Fv2%2Fcategories&post=480"},{"taxonomy":"post_tag","embeddable":true,"href":"https:\/\/entrenosusa.com\/index.php?rest_route=%2Fwp%2Fv2%2Ftags&post=480"}],"curies":[{"name":"wp","href":"https:\/\/api.w.org\/{rel}","templated":true}]}}