{"id":465,"date":"2026-08-25T13:45:30","date_gmt":"2026-08-25T13:45:30","guid":{"rendered":"https:\/\/entrenosusa.com\/?p=465"},"modified":"2026-08-25T16:19:58","modified_gmt":"2026-08-25T16:19:58","slug":"dia-27-2","status":"publish","type":"post","link":"https:\/\/entrenosusa.com\/?p=465","title":{"rendered":"DIA 27"},"content":{"rendered":"\n<h1 class=\"wp-block-heading\"><strong>QUANDO A CULPA N\u00c3O NOS DEIXA SEGUIR<\/strong><\/h1>\n\n\n\n<p class=\"wp-block-paragraph\"><\/p>\n\n\n\n<h4 class=\"wp-block-heading\"><strong>\u201cO arrependimento nos conduz \u00e0 cruz. A culpa insistente tenta nos manter diante do t\u00famulo. Mas Cristo n\u00e3o permaneceu ali. Ele ressuscitou para que viv\u00eassemos em liberdade.\u201d<\/strong><\/h4>\n\n\n\n<p class=\"wp-block-paragraph\">\u2014<\/p>\n\n\n\n<h1 class=\"wp-block-heading\"><strong>TEXTOS B\u00cdBLICOS<\/strong><\/h1>\n\n\n\n<h4 class=\"wp-block-heading\"><strong>Romanos 8:1<\/strong><\/h4>\n\n\n\n<p class=\"wp-block-paragraph\"><em>\u201cAgora, pois, j\u00e1 nenhuma condena\u00e7\u00e3o h\u00e1 para os que est\u00e3o em Cristo Jesus.\u201d<\/em><\/p>\n\n\n\n<h4 class=\"wp-block-heading\"><strong>1 Jo\u00e3o 1:9<\/strong><\/h4>\n\n\n\n<p class=\"wp-block-paragraph\"><em>\u201cSe confessarmos os nossos pecados, Ele \u00e9 fiel e justo para nos perdoar os pecados e nos purificar de toda injusti\u00e7a.\u201d<\/em><\/p>\n\n\n\n<h4 class=\"wp-block-heading\"><strong>Salmo 103:12<\/strong><\/h4>\n\n\n\n<p class=\"wp-block-paragraph\"><em>\u201cQuanto est\u00e1 longe o Oriente do Ocidente, assim afasta de n\u00f3s as nossas transgress\u00f5es.\u201d<\/em><\/p>\n\n\n\n<h4 class=\"wp-block-heading\"><strong>Jo\u00e3o 21:15-17<\/strong><\/h4>\n\n\n\n<p class=\"wp-block-paragraph\">(A restaura\u00e7\u00e3o de Pedro.)<\/p>\n\n\n\n<p class=\"wp-block-paragraph\">\u2014<\/p>\n\n\n\n<h1 class=\"wp-block-heading\"><strong>MEDITA\u00c7\u00c3O<\/strong><\/h1>\n\n\n\n<p class=\"wp-block-paragraph\">Existe uma pris\u00e3o mais silenciosa do que a amargura.<\/p>\n\n\n\n<p class=\"wp-block-paragraph\">A pris\u00e3o da culpa. Ela n\u00e3o faz barulho. Mas rouba a alegria.<\/p>\n\n\n\n<p class=\"wp-block-paragraph\">N\u00e3o levanta muros vis\u00edveis. Mas aprisiona a alma.<\/p>\n\n\n\n<p class=\"wp-block-paragraph\">Talvez voc\u00ea tenha pedido perd\u00e3o. Tenha chorado.<\/p>\n\n\n\n<p class=\"wp-block-paragraph\">Tenha mudado.<\/p>\n\n\n\n<p class=\"wp-block-paragraph\">Tenha reconstru\u00eddo aquilo que destruiu. Mesmo assim\u2026<\/p>\n\n\n\n<p class=\"wp-block-paragraph\">Existe uma voz que continua dizendo:<\/p>\n\n\n\n<h4 class=\"wp-block-heading\"><strong>\u201cVoc\u00ea nunca ser\u00e1 digno novamente.\u201d<\/strong><\/h4>\n\n\n\n<p class=\"wp-block-paragraph\">Essa voz n\u00e3o vem de Deus.<\/p>\n\n\n\n<p class=\"wp-block-paragraph\">O Esp\u00edrito Santo convence do pecado para conduzir ao arrependimento.<\/p>\n\n\n\n<p class=\"wp-block-paragraph\">O acusador relembra o pecado para manter a pessoa escrava. Essas duas vozes s\u00e3o completamente diferentes.<\/p>\n\n\n\n<p class=\"wp-block-paragraph\">O Esp\u00edrito mostra a ferida para cur\u00e1-la.<\/p>\n\n\n\n<p class=\"wp-block-paragraph\">O acusador mostra a ferida para mant\u00ea-la aberta.<\/p>\n\n\n\n<p class=\"wp-block-paragraph\">Talvez seja por isso que tantas pessoas vivem tentando compensar o passado.<\/p>\n\n\n\n<p class=\"wp-block-paragraph\">Servem mais. Trabalham mais. Cedem sempre. Aceitam tudo.<\/p>\n\n\n\n<p class=\"wp-block-paragraph\">Como se, de alguma forma, ainda precisassem pagar uma d\u00edvida.<\/p>\n\n\n\n<p class=\"wp-block-paragraph\">Mas existe um problema. A d\u00edvida j\u00e1 foi paga.<\/p>\n\n\n\n<p class=\"wp-block-paragraph\">Na cruz. Completamente. Quando Jesus declarou:<\/p>\n\n\n\n<h4 class=\"wp-block-heading\"><strong>\u201cEst\u00e1 consumado.\u201d<\/strong><\/h4>\n\n\n\n<p class=\"wp-block-paragraph\">Ele n\u00e3o estava dizendo apenas que Sua dor havia terminado.<\/p>\n\n\n\n<p class=\"wp-block-paragraph\">Estava anunciando que o pre\u00e7o da nossa culpa havia sido quitado.<\/p>\n\n\n\n<p class=\"wp-block-paragraph\">Integralmente.<\/p>\n\n\n\n<p class=\"wp-block-paragraph\">Se Deus exigisse que continu\u00e1ssemos pagando pelo pecado depois da cruz\u2026<\/p>\n\n\n\n<p class=\"wp-block-paragraph\">Cristo teria morrido em v\u00e3o. Pense em Pedro.<\/p>\n\n\n\n<p class=\"wp-block-paragraph\">Ele negou Jesus tr\u00eas vezes. Publicamente.<\/p>\n\n\n\n<p class=\"wp-block-paragraph\">Na hora mais dif\u00edcil.<\/p>\n\n\n\n<p class=\"wp-block-paragraph\">Se algu\u00e9m tivesse motivos para viver preso \u00e0 culpa, era Pedro.<\/p>\n\n\n\n<p class=\"wp-block-paragraph\">Mas o Cristo ressuscitado n\u00e3o foi ao seu encontro para humilh\u00e1-lo.<\/p>\n\n\n\n<p class=\"wp-block-paragraph\">Foi para restaur\u00e1-lo. Jesus n\u00e3o perguntou:<\/p>\n\n\n\n<h4 class=\"wp-block-heading\"><strong>\u201cPedro, voc\u00ea ainda merece ser meu disc\u00edpulo?\u201d<\/strong><\/h4>\n\n\n\n<p class=\"wp-block-paragraph\">Perguntou:<\/p>\n\n\n\n<h4 class=\"wp-block-heading\"><strong>\u201cPedro, voc\u00ea me ama?\u201d<\/strong><\/h4>\n\n\n\n<p class=\"wp-block-paragraph\">Porque o Senhor n\u00e3o estava interessado em perpetuar a culpa.<\/p>\n\n\n\n<p class=\"wp-block-paragraph\">Estava interessado em restaurar a comunh\u00e3o.<\/p>\n\n\n\n<p class=\"wp-block-paragraph\">Existe uma diferen\u00e7a profunda entre humildade e culpa permanente.<\/p>\n\n\n\n<p class=\"wp-block-paragraph\">A humildade lembra de onde Deus nos tirou.<\/p>\n\n\n\n<p class=\"wp-block-paragraph\">A culpa insiste em nos manter l\u00e1. A humildade glorifica a gra\u00e7a.<\/p>\n\n\n\n<p class=\"wp-block-paragraph\">A culpa exagerada, muitas vezes, diminui a sufici\u00eancia da cruz.<\/p>\n\n\n\n<p class=\"wp-block-paragraph\">N\u00e3o porque a pessoa queira.<\/p>\n\n\n\n<p class=\"wp-block-paragraph\">Mas porque continua acreditando que seu pecado \u00e9 maior do que o sacrif\u00edcio de Cristo.<\/p>\n\n\n\n<p class=\"wp-block-paragraph\">Nenhum pecado confessado e abandonado \u00e9 maior que a cruz.<\/p>\n\n\n\n<p class=\"wp-block-paragraph\">Nenhum.<\/p>\n\n\n\n<p class=\"wp-block-paragraph\">Isso n\u00e3o elimina as consequ\u00eancias de algumas escolhas. Tamb\u00e9m n\u00e3o apaga automaticamente todas as cicatrizes. Mas muda completamente nossa posi\u00e7\u00e3o diante de Deus. N\u00e3o somos mais r\u00e9us.<\/p>\n\n\n\n<p class=\"wp-block-paragraph\">Somos filhos.<\/p>\n\n\n\n<p class=\"wp-block-paragraph\">Talvez hoje voc\u00ea ainda se enxergue pela pior decis\u00e3o que tomou.<\/p>\n\n\n\n<p class=\"wp-block-paragraph\">Mas Deus olha para voc\u00ea atrav\u00e9s da justi\u00e7a de Cristo. Enquanto voc\u00ea continua dizendo:<\/p>\n\n\n\n<h4 class=\"wp-block-heading\"><strong>\u201cEu sou aquele que falhou.\u201d<\/strong><\/h4>\n\n\n\n<p class=\"wp-block-paragraph\">O Pai continua dizendo:<\/p>\n\n\n\n<h4 class=\"wp-block-heading\"><strong>\u201cVoc\u00ea \u00e9 aquele que Meu Filho redimiu.\u201d<\/strong><\/h4>\n\n\n\n<p class=\"wp-block-paragraph\">Qual dessas vozes governar\u00e1 sua vida? Talvez essa seja a pergunta de hoje.<\/p>\n\n\n\n<p class=\"wp-block-paragraph\">Porque enquanto a culpa continuar definindo sua identidade\u2026<\/p>\n\n\n\n<p class=\"wp-block-paragraph\">Voc\u00ea ter\u00e1 dificuldade para amar plenamente. Para servir com alegria.<\/p>\n\n\n\n<p class=\"wp-block-paragraph\">Para acreditar que Deus ainda pode usar sua vida. Mas quando a gra\u00e7a ocupa esse lugar\u2026<\/p>\n\n\n\n<p class=\"wp-block-paragraph\">Voc\u00ea descobre que Deus n\u00e3o apenas perdoa pecadores.<\/p>\n\n\n\n<p class=\"wp-block-paragraph\">Ele transforma pecadores em testemunhas da Sua miseric\u00f3rdia.<\/p>\n\n\n\n<p class=\"wp-block-paragraph\">Talvez a maior vit\u00f3ria do inimigo n\u00e3o seja fazer algu\u00e9m cair.<\/p>\n\n\n\n<p class=\"wp-block-paragraph\">Seja convencer essa pessoa de que nunca mais poder\u00e1 se levantar.<\/p>\n\n\n\n<p class=\"wp-block-paragraph\">O Evangelho responde exatamente isso. Em Cristo\u2026<\/p>\n\n\n\n<p class=\"wp-block-paragraph\">Sempre existe um recome\u00e7o. Sempre existe esperan\u00e7a.<\/p>\n\n\n\n<p class=\"wp-block-paragraph\">Sempre existe gra\u00e7a suficiente.<\/p>\n\n\n\n<p class=\"wp-block-paragraph\">\u2014<\/p>\n\n\n\n<h1 class=\"wp-block-heading\"><strong>REFLEX\u00c3O<\/strong><\/h1>\n\n\n\n<h4 class=\"wp-block-heading\"><strong>A culpa pode nos conduzir ao arrependimento, mas jamais deve substituir a identidade que recebemos em Cristo. O Evangelho n\u00e3o apenas perdoa pecadores; ele faz deles novas criaturas.<\/strong><\/h4>\n\n\n\n<p class=\"wp-block-paragraph\">\u2014<\/p>\n\n\n\n<h1 class=\"wp-block-heading\"><strong>PRINC\u00cdPIO DO DIA<\/strong><\/h1>\n\n\n\n<h4 class=\"wp-block-heading\"><strong>Quando Deus perdoa, Ele tamb\u00e9m remove a condena\u00e7\u00e3o. Permanecer preso \u00e0 culpa \u00e9 esquecer a sufici\u00eancia da cruz.<\/strong><\/h4>\n\n\n\n<p class=\"wp-block-paragraph\">\u2014<\/p>\n\n\n\n<h1 class=\"wp-block-heading\"><strong>SINAIS DE ALERTA<\/strong><\/h1>\n\n\n\n<h3 class=\"wp-block-heading\"><strong>Sinais de que a culpa ainda est\u00e1 governando o cora\u00e7\u00e3o<\/strong><\/h3>\n\n\n\n<ul class=\"wp-block-list\">\n<li>Sentimos que nunca seremos dignos do perd\u00e3o.<\/li>\n\n\n\n<li>Vivemos tentando compensar nossos erros.<\/li>\n\n\n\n<li>Temos dificuldade para acreditar que Deus ainda pode nos usar.<\/li>\n\n\n\n<li>Nossa identidade continua presa ao passado.<\/li>\n\n\n\n<li>Confundimos humildade com autodesprezo.<\/li>\n\n\n\n<li>Aceitamos a acusa\u00e7\u00e3o com mais facilidade do que a gra\u00e7a.<\/li>\n\n\n\n<li>Perdemos a alegria da salva\u00e7\u00e3o.<\/li>\n<\/ul>\n\n\n\n<p class=\"wp-block-paragraph\">\u2014<\/p>\n\n\n\n<h1 class=\"wp-block-heading\"><strong>PERGUNTAS PARA CONVERSAR<\/strong><\/h1>\n\n\n\n<ol class=\"wp-block-list\">\n<li><strong>Existe algum erro do passado que ainda define a maneira como me vejo?<\/strong><\/li>\n\n\n\n<li><strong>Qual a diferen\u00e7a entre um cora\u00e7\u00e3o verdadeiramente arrependido e um cora\u00e7\u00e3o dominado pela culpa?<\/strong><\/li>\n\n\n\n<li><strong>Como podemos lembrar diariamente que nossa identidade est\u00e1 na gra\u00e7a de Cristo e n\u00e3o nas nossas falhas?<\/strong><\/li>\n<\/ol>\n\n\n\n<p class=\"wp-block-paragraph\">\u2014<\/p>\n\n\n\n<h1 class=\"wp-block-heading\"><strong>PR\u00c1TICA DO DIA<\/strong><\/h1>\n\n\n\n<p class=\"wp-block-paragraph\"><strong>O DESAFIO<\/strong><\/p>\n\n\n\n<p class=\"wp-block-paragraph\">Hoje escrevam, individualmente, uma frase respondendo \u00e0 pergunta:<\/p>\n\n\n\n<h4 class=\"wp-block-heading\"><strong>\u201cQue mentira a culpa continua contando sobre mim?\u201d<\/strong><\/h4>\n\n\n\n<p class=\"wp-block-paragraph\">Depois escrevam, ao lado, um vers\u00edculo da Palavra de Deus que responda a essa mentira.<\/p>\n\n\n\n<p class=\"wp-block-paragraph\">Leiam em voz alta.<\/p>\n\n\n\n<p class=\"wp-block-paragraph\">Ao final, agrade\u00e7am a Cristo porque Sua cruz \u00e9 maior do que qualquer acusa\u00e7\u00e3o.<\/p>\n\n\n\n<p class=\"wp-block-paragraph\">Terminem declarando juntos:<\/p>\n\n\n\n<p class=\"wp-block-paragraph\"><strong>\u201cNossa identidade n\u00e3o ser\u00e1 definida pelo nosso pior erro, mas pelo amor de Cristo demonstrado na cruz.\u201d<\/strong><\/p>\n\n\n\n<h2 class=\"wp-block-heading\"><strong>EVITEM<\/strong><\/h2>\n\n\n\n<ul class=\"wp-block-list\">\n<li>Alimentar pensamentos de autocondena\u00e7\u00e3o.<\/li>\n\n\n\n<li>Confundir arrependimento com culpa permanente.<\/li>\n\n\n\n<li>Medir o amor de Deus pelas falhas do passado.<\/li>\n\n\n\n<li>Esquecer a sufici\u00eancia da cruz.<\/li>\n\n\n\n<li>Permitir que a acusa\u00e7\u00e3o fale mais alto do que a Palavra.<\/li>\n<\/ul>\n\n\n\n<h2 class=\"wp-block-heading\"><strong>RESULTADO ESPERADO<\/strong><\/h2>\n\n\n\n<p class=\"wp-block-paragraph\">Hoje voc\u00eas compreender\u00e3o que a culpa n\u00e3o foi feita para governar a vida do crist\u00e3o. Descobrir\u00e3o que Cristo removeu a condena\u00e7\u00e3o, restaurou sua identidade e abriu um caminho para viver com alegria, humildade e liberdade, sem negar o passado, mas sem permanecer escravo dele.<\/p>\n\n\n\n<p class=\"wp-block-paragraph\">\u2014<strong><\/strong><\/p>\n\n\n\n<h1 class=\"wp-block-heading\"><strong>ORA\u00c7\u00c3O<\/strong><\/h1>\n\n\n\n<p class=\"wp-block-paragraph\">Pai amado,<\/p>\n\n\n\n<p class=\"wp-block-paragraph\">Obrigado porque, em Cristo, n\u00e3o encontramos apenas perd\u00e3o, mas tamb\u00e9m uma nova identidade. Quantas vezes permitimos que a culpa fale mais alto do que a Tua Palavra. Quantas vezes nos enxergamos apenas pelas nossas falhas, esquecendo que fomos alcan\u00e7ados pela Tua gra\u00e7a.<\/p>\n\n\n\n<p class=\"wp-block-paragraph\">Hoje colocamos diante de Ti toda acusa\u00e7\u00e3o que ainda pesa sobre nossa alma. Renunciamos \u00e0 mentira de que precisamos viver eternamente presos aos nossos erros. Cremos que a cruz foi suficiente. Cremos que o sangue de Jesus \u00e9 poderoso para purificar completamente nossa consci\u00eancia.<\/p>\n\n\n\n<p class=\"wp-block-paragraph\">Ensina-nos a caminhar com humildade, sem negar o passado, mas tamb\u00e9m sem permitir que ele governe nosso futuro. Que o Teu Esp\u00edrito nos lembre diariamente quem somos em Cristo: perdoados, reconciliados, amados e chamados para viver uma vida nova.<\/p>\n\n\n\n<p class=\"wp-block-paragraph\">Livra-nos da autocondena\u00e7\u00e3o. Que jamais sejamos mais severos conosco do que o Senhor \u00e9 conosco. D\u00e1-nos coragem para receber plenamente a Tua gra\u00e7a e alegria para viver como filhos que foram libertos.<\/p>\n\n\n\n<p class=\"wp-block-paragraph\">Que nosso casamento reflita essa verdade. Que jamais usemos o passado como arma um contra o outro, mas que sejamos instrumentos de restaura\u00e7\u00e3o, lembrando sempre que ambos vivemos unicamente pela miseric\u00f3rdia do Senhor.<\/p>\n\n\n\n<p class=\"wp-block-paragraph\">Em nome de Jesus.<\/p>\n\n\n\n<h4 class=\"wp-block-heading\"><strong>Am\u00e9m.<\/strong><\/h4>\n\n\n\n<p class=\"wp-block-paragraph\">\u2014<\/p>\n\n\n\n<h1 class=\"wp-block-heading\"><strong>PARA MEMORIZAR<\/strong><\/h1>\n\n\n\n<h4 class=\"wp-block-heading\"><strong>\u201cAgora, pois, j\u00e1 nenhuma condena\u00e7\u00e3o h\u00e1 para os que est\u00e3o em Cristo Jesus.\u201d<\/strong><\/h4>\n\n\n\n<p class=\"wp-block-paragraph\"><strong>Romanos 8:1<\/strong><\/p>\n\n\n\n<p class=\"wp-block-paragraph\">\u2014<\/p>\n\n\n\n<h1 class=\"wp-block-heading\"><strong>DECLARA\u00c7\u00c3O DO DIA<\/strong><\/h1>\n\n\n\n<h4 class=\"wp-block-heading\"><strong>Hoje escolhemos viver na liberdade da gra\u00e7a. N\u00e3o seremos definidos pela culpa, mas pela obra completa de Cristo na cruz. Somos perdoados, reconciliados e chamados para uma nova vida. Caminharemos com humildade, gratid\u00e3o e alegria, certos de que nenhuma condena\u00e7\u00e3o permanece sobre aqueles que pertencem a Jesus.<\/strong><\/h4>\n\n\n\n<p class=\"wp-block-paragraph\">\u2014<\/p>\n\n\n\n<h1 class=\"wp-block-heading\"><strong>RECONSTRUINDO NOSSA<\/strong><\/h1>\n\n\n\n<p class=\"wp-block-paragraph\"><strong>ALIAN\u00c7A<\/strong><strong><\/strong><\/p>\n\n\n\n<p class=\"wp-block-paragraph\"><strong>\u201cA culpa nos mant\u00e9m olhando para aquilo que fizemos. A gra\u00e7a nos convida a olhar para aquilo que Cristo fez.<\/strong><\/p>\n\n\n\n<p class=\"wp-block-paragraph\"><strong>Quando compreendemos que a cruz foi suficiente, deixamos de viver tentando pagar uma d\u00edvida que j\u00e1 foi quitada. Casamentos restaurados florescem quando marido e esposa aprendem a viver n\u00e3o debaixo do peso da condena\u00e7\u00e3o, mas sob a leveza da gra\u00e7a que faz novas todas as coisas.\u201d<\/strong><\/p>\n","protected":false},"excerpt":{"rendered":"<p>QUANDO A CULPA N\u00c3O NOS DEIXA SEGUIR \u201cO arrependimento nos conduz \u00e0 cruz. A culpa insistente tenta nos manter diante do t\u00famulo. Mas Cristo n\u00e3o permaneceu ali. Ele ressuscitou para que viv\u00eassemos em liberdade.\u201d \u2014 TEXTOS B\u00cdBLICOS Romanos 8:1 \u201cAgora, pois, j\u00e1 nenhuma condena\u00e7\u00e3o h\u00e1 para os que est\u00e3o em Cristo Jesus.\u201d 1 Jo\u00e3o 1:9 [&hellip;]<\/p>\n","protected":false},"author":1,"featured_media":466,"comment_status":"open","ping_status":"open","sticky":false,"template":"","format":"standard","meta":{"footnotes":""},"categories":[12],"tags":[],"class_list":["post-465","post","type-post","status-publish","format-standard","has-post-thumbnail","hentry","category-31-dias-de-perdao-para-casais"],"_links":{"self":[{"href":"https:\/\/entrenosusa.com\/index.php?rest_route=\/wp\/v2\/posts\/465","targetHints":{"allow":["GET"]}}],"collection":[{"href":"https:\/\/entrenosusa.com\/index.php?rest_route=\/wp\/v2\/posts"}],"about":[{"href":"https:\/\/entrenosusa.com\/index.php?rest_route=\/wp\/v2\/types\/post"}],"author":[{"embeddable":true,"href":"https:\/\/entrenosusa.com\/index.php?rest_route=\/wp\/v2\/users\/1"}],"replies":[{"embeddable":true,"href":"https:\/\/entrenosusa.com\/index.php?rest_route=%2Fwp%2Fv2%2Fcomments&post=465"}],"version-history":[{"count":1,"href":"https:\/\/entrenosusa.com\/index.php?rest_route=\/wp\/v2\/posts\/465\/revisions"}],"predecessor-version":[{"id":467,"href":"https:\/\/entrenosusa.com\/index.php?rest_route=\/wp\/v2\/posts\/465\/revisions\/467"}],"wp:featuredmedia":[{"embeddable":true,"href":"https:\/\/entrenosusa.com\/index.php?rest_route=\/wp\/v2\/media\/466"}],"wp:attachment":[{"href":"https:\/\/entrenosusa.com\/index.php?rest_route=%2Fwp%2Fv2%2Fmedia&parent=465"}],"wp:term":[{"taxonomy":"category","embeddable":true,"href":"https:\/\/entrenosusa.com\/index.php?rest_route=%2Fwp%2Fv2%2Fcategories&post=465"},{"taxonomy":"post_tag","embeddable":true,"href":"https:\/\/entrenosusa.com\/index.php?rest_route=%2Fwp%2Fv2%2Ftags&post=465"}],"curies":[{"name":"wp","href":"https:\/\/api.w.org\/{rel}","templated":true}]}}