{"id":423,"date":"2026-08-25T13:24:24","date_gmt":"2026-08-25T13:24:24","guid":{"rendered":"https:\/\/entrenosusa.com\/?p=423"},"modified":"2026-08-25T16:19:58","modified_gmt":"2026-08-25T16:19:58","slug":"dia-13-2","status":"publish","type":"post","link":"https:\/\/entrenosusa.com\/?p=423","title":{"rendered":"DIA 13"},"content":{"rendered":"\n<h1 class=\"wp-block-heading\"><strong>PERDOAR N\u00c3O \u00c9 SENTIR VONTADE<\/strong><\/h1>\n\n\n\n<h4 class=\"wp-block-heading\"><strong>\u201cQuem espera sentir vontade para perdoar transforma a cura em ref\u00e9m das emo\u00e7\u00f5es. O perd\u00e3o crist\u00e3o nasce da obedi\u00eancia antes de produzir paz no cora\u00e7\u00e3o.\u201d<\/strong><\/h4>\n\n\n\n<p class=\"wp-block-paragraph\">\u2014<\/p>\n\n\n\n<h1 class=\"wp-block-heading\"><strong>TEXTOS B\u00cdBLICOS<\/strong><\/h1>\n\n\n\n<h4 class=\"wp-block-heading\"><strong>Mateus 18:21-22<\/strong><\/h4>\n\n\n\n<p class=\"wp-block-paragraph\"><em>\u201cEnt\u00e3o Pedro aproximou-se de Jesus e perguntou: \u2018Senhor, at\u00e9 quantas vezes meu irm\u00e3o pecar\u00e1 contra mim, e eu lhe perdoarei?\u2019 Jesus respondeu: \u2018N\u00e3o at\u00e9 sete, mas at\u00e9 setenta vezes sete.\u2019\u201d<\/em><\/p>\n\n\n\n<p class=\"wp-block-paragraph\"><strong>Colossenses 3:13<\/strong><\/p>\n\n\n\n<p class=\"wp-block-paragraph\"><strong>Romanos 12:2<\/strong><\/p>\n\n\n\n<p class=\"wp-block-paragraph\"><strong>2 Cor\u00edntios 5:7<\/strong><\/p>\n\n\n\n<p class=\"wp-block-paragraph\"><em>\u201cPorque andamos por f\u00e9 e n\u00e3o pelo que vemos.\u201d<\/em><\/p>\n\n\n\n<p class=\"wp-block-paragraph\">\u2014<\/p>\n\n\n\n<h1 class=\"wp-block-heading\"><strong>MEDITA\u00c7\u00c3O<\/strong><\/h1>\n\n\n\n<p class=\"wp-block-paragraph\">Existe uma frase que parece muito sincera. Mas, muitas vezes, apenas prolonga a pris\u00e3o.<\/p>\n\n\n\n<h4 class=\"wp-block-heading\"><strong>\u201cAinda n\u00e3o consigo perdoar porque meu cora\u00e7\u00e3o n\u00e3o est\u00e1 preparado.\u201d<\/strong><\/h4>\n\n\n\n<p class=\"wp-block-paragraph\">Talvez voc\u00ea j\u00e1 tenha dito isso. Talvez tenha ouvido isso.<\/p>\n\n\n\n<p class=\"wp-block-paragraph\">Talvez esteja pensando exatamente isso agora. Parece verdadeiro.<\/p>\n\n\n\n<p class=\"wp-block-paragraph\">Mas ser\u00e1 que \u00e9 assim que Deus nos ensina a viver?<\/p>\n\n\n\n<p class=\"wp-block-paragraph\">Pense em quantas decis\u00f5es importantes da vida nunca dependeram da vontade.<\/p>\n\n\n\n<p class=\"wp-block-paragraph\">Ningu\u00e9m acorda todos os dias com vontade de trabalhar. Nem sempre sentimos vontade de servir.<\/p>\n\n\n\n<p class=\"wp-block-paragraph\">Nem sempre sentimos vontade de levantar cedo.<\/p>\n\n\n\n<p class=\"wp-block-paragraph\">Nem sempre sentimos vontade de permanecer fi\u00e9is quando tudo parece dif\u00edcil.<\/p>\n\n\n\n<p class=\"wp-block-paragraph\">Ainda assim\u2026 Fazemos essas coisas.<\/p>\n\n\n\n<p class=\"wp-block-paragraph\">Porque maturidade n\u00e3o \u00e9 viver guiado pelas emo\u00e7\u00f5es. \u00c9 viver guiado por convic\u00e7\u00f5es.<\/p>\n\n\n\n<p class=\"wp-block-paragraph\">Infelizmente, muitos tratam o perd\u00e3o como se fosse apenas um sentimento.<\/p>\n\n\n\n<p class=\"wp-block-paragraph\">Esperam o dia em que toda dor desaparecer\u00e1. O dia em que toda tristeza acabar\u00e1.<\/p>\n\n\n\n<p class=\"wp-block-paragraph\">O dia em que n\u00e3o sentir\u00e3o mais nada. Ent\u00e3o, finalmente, decidir\u00e3o perdoar.<\/p>\n\n\n\n<p class=\"wp-block-paragraph\">Mas esse dia quase nunca chega.<\/p>\n\n\n\n<p class=\"wp-block-paragraph\">Porque as emo\u00e7\u00f5es s\u00e3o excelentes companheiras. Mas p\u00e9ssimas l\u00edderes.<\/p>\n\n\n\n<p class=\"wp-block-paragraph\">Elas mudam. Oscilam.<\/p>\n\n\n\n<p class=\"wp-block-paragraph\">Dependem das circunst\u00e2ncias.<\/p>\n\n\n\n<p class=\"wp-block-paragraph\">A Palavra de Deus, por\u00e9m, permanece para sempre.<\/p>\n\n\n\n<p class=\"wp-block-paragraph\">Quando Pedro perguntou quantas vezes deveria perdoar, Jesus poderia ter respondido:<\/p>\n\n\n\n<h4 class=\"wp-block-heading\"><strong>\u201cQuando voc\u00ea sentir paz.\u201d<\/strong><\/h4>\n\n\n\n<p class=\"wp-block-paragraph\">Mas n\u00e3o respondeu. Tamb\u00e9m n\u00e3o disse:<\/p>\n\n\n\n<h4 class=\"wp-block-heading\"><strong>\u201cQuando a dor passar.\u201d<\/strong><\/h4>\n\n\n\n<p class=\"wp-block-paragraph\">Nem:<\/p>\n\n\n\n<p class=\"wp-block-paragraph\"><strong>\u201cQuando a pessoa provar que merece.\u201d<\/strong> Jesus simplesmente ensinou um estilo de vida. Perdoar.<\/p>\n\n\n\n<p class=\"wp-block-paragraph\">Outra vez. E outra.<\/p>\n\n\n\n<p class=\"wp-block-paragraph\">E outra. Perceba.<\/p>\n\n\n\n<p class=\"wp-block-paragraph\">O foco nunca esteve no sentimento. Sempre esteve na decis\u00e3o.<\/p>\n\n\n\n<p class=\"wp-block-paragraph\">Talvez algu\u00e9m pergunte:<\/p>\n\n\n\n<h4 class=\"wp-block-heading\"><strong>\u201cMas isso n\u00e3o seria hipocrisia?\u201d<\/strong><\/h4>\n\n\n\n<p class=\"wp-block-paragraph\">N\u00e3o.<\/p>\n\n\n\n<p class=\"wp-block-paragraph\">Hipocrisia \u00e9 fingir que a dor n\u00e3o existe. Perd\u00e3o \u00e9 reconhecer que ela existe\u2026<\/p>\n\n\n\n<p class=\"wp-block-paragraph\">Mas decidir que ela n\u00e3o governar\u00e1 mais nossas escolhas. Existe uma grande diferen\u00e7a.<\/p>\n\n\n\n<p class=\"wp-block-paragraph\">Quem vive apenas pelas emo\u00e7\u00f5es torna-se escravo delas.<\/p>\n\n\n\n<p class=\"wp-block-paragraph\">Quem vive pela f\u00e9 permite que Deus transforme suas emo\u00e7\u00f5es ao longo do caminho.<\/p>\n\n\n\n<p class=\"wp-block-paragraph\">\u00c9 exatamente isso que acontece em tantos momentos da vida crist\u00e3.<\/p>\n\n\n\n<p class=\"wp-block-paragraph\">Primeiro obedecemos. Depois compreendemos. Primeiro damos o passo. Depois vemos Deus agir.<\/p>\n\n\n\n<p class=\"wp-block-paragraph\">Primeiro confiamos. Depois experimentamos.<\/p>\n\n\n\n<p class=\"wp-block-paragraph\">O perd\u00e3o segue a mesma l\u00f3gica. Talvez voc\u00ea ainda sinta tristeza. Talvez ainda chore ao lembrar.<\/p>\n\n\n\n<p class=\"wp-block-paragraph\">Talvez ainda exista um processo de cura. Mas isso n\u00e3o impede uma decis\u00e3o.<\/p>\n\n\n\n<p class=\"wp-block-paragraph\">Porque perdoar n\u00e3o significa declarar:<\/p>\n\n\n\n<h4 class=\"wp-block-heading\"><strong>\u201cNada aconteceu.\u201d<\/strong><\/h4>\n\n\n\n<p class=\"wp-block-paragraph\">Significa declarar:<\/p>\n\n\n\n<h4 class=\"wp-block-heading\"><strong>\u201cO que aconteceu n\u00e3o ser\u00e1 maior do que aquilo que Cristo fez por mim.\u201d<\/strong><\/h4>\n\n\n\n<p class=\"wp-block-paragraph\">\u00c9 interessante observar Jesus no Gets\u00eamani. Ele disse:<\/p>\n\n\n\n<h4 class=\"wp-block-heading\"><strong>\u201cSe poss\u00edvel, passa de mim este c\u00e1lice.\u201d<\/strong><\/h4>\n\n\n\n<p class=\"wp-block-paragraph\">Perceba.<\/p>\n\n\n\n<p class=\"wp-block-paragraph\">Jesus n\u00e3o fingiu Suas emo\u00e7\u00f5es.<\/p>\n\n\n\n<p class=\"wp-block-paragraph\">Mas tamb\u00e9m n\u00e3o foi governado por elas. Logo em seguida declarou:<\/p>\n\n\n\n<h4 class=\"wp-block-heading\"><strong>\u201cContudo, n\u00e3o seja feita a minha vontade, mas a Tua.\u201d<\/strong><\/h4>\n\n\n\n<p class=\"wp-block-paragraph\">Esse \u00e9 um dos maiores retratos da maturidade espiritual. Sentir uma coisa.<\/p>\n\n\n\n<p class=\"wp-block-paragraph\">E escolher obedecer outra.<\/p>\n\n\n\n<p class=\"wp-block-paragraph\">Talvez seja exatamente isso que Deus esteja convidando voc\u00ea a fazer hoje.<\/p>\n\n\n\n<p class=\"wp-block-paragraph\">N\u00e3o esperar o cora\u00e7\u00e3o estar completamente leve para decidir perdoar.<\/p>\n\n\n\n<p class=\"wp-block-paragraph\">Mas confiar que, enquanto voc\u00ea caminha em obedi\u00eancia\u2026 Ele caminhar\u00e1 restaurando seu cora\u00e7\u00e3o.<\/p>\n\n\n\n<p class=\"wp-block-paragraph\">Porque Deus nunca desperdi\u00e7a um ato de obedi\u00eancia.<\/p>\n\n\n\n<p class=\"wp-block-paragraph\">A paz que voc\u00ea procura talvez n\u00e3o venha antes da decis\u00e3o. Talvez venha depois dela.<\/p>\n\n\n\n<p class=\"wp-block-paragraph\">Hoje Deus n\u00e3o est\u00e1 perguntando:<\/p>\n\n\n\n<h4 class=\"wp-block-heading\"><strong>\u201cVoc\u00ea sente vontade de perdoar?\u201d<\/strong><\/h4>\n\n\n\n<p class=\"wp-block-paragraph\">Ele est\u00e1 perguntando:<\/p>\n\n\n\n<h4 class=\"wp-block-heading\"><strong>\u201cVoc\u00ea confia em Mim o suficiente para obedecer, mesmo antes de sentir?\u201d<\/strong><\/h4>\n\n\n\n<p class=\"wp-block-paragraph\">Essa pergunta muda tudo.<\/p>\n\n\n\n<p class=\"wp-block-paragraph\">Porque o Evangelho nunca nos chamou para viver dirigidos pelas emo\u00e7\u00f5es.<\/p>\n\n\n\n<p class=\"wp-block-paragraph\">Chamou-nos para viver dirigidos pela f\u00e9. E, curiosamente\u2026<\/p>\n\n\n\n<p class=\"wp-block-paragraph\">Muitos dos sentimentos que esperamos receber\u2026<\/p>\n\n\n\n<p class=\"wp-block-paragraph\">S\u00f3 aparecem depois que damos o primeiro passo de obedi\u00eancia.<\/p>\n\n\n\n<p class=\"wp-block-paragraph\">\u2014<\/p>\n\n\n\n<h1 class=\"wp-block-heading\"><strong>REFLEX\u00c3O<\/strong><\/h1>\n\n\n\n<h4 class=\"wp-block-heading\"><strong>O perd\u00e3o crist\u00e3o n\u00e3o nasce da aus\u00eancia de dor. Nasce da presen\u00e7a da f\u00e9. A obedi\u00eancia abre espa\u00e7o para que Deus fa\u00e7a, no cora\u00e7\u00e3o, aquilo que jamais conseguir\u00edamos fazer sozinhos.<\/strong><\/h4>\n\n\n\n<p class=\"wp-block-paragraph\">\u2014<\/p>\n\n\n\n<h1 class=\"wp-block-heading\"><strong>PRINC\u00cdPIO DO DIA<\/strong><\/h1>\n\n\n\n<h4 class=\"wp-block-heading\"><strong>Perdoar \u00e9 uma decis\u00e3o sustentada pela gra\u00e7a de Deus, n\u00e3o uma emo\u00e7\u00e3o produzida pelas circunst\u00e2ncias.<\/strong><\/h4>\n\n\n\n<p class=\"wp-block-paragraph\">\u2014<\/p>\n\n\n\n<h1 class=\"wp-block-heading\"><strong>SINAIS DE ALERTA<\/strong><strong><\/strong><\/h1>\n\n\n\n<h3 class=\"wp-block-heading\"><strong>Sinais de que estamos esperando apenas as emo\u00e7\u00f5es mudarem<\/strong><\/h3>\n\n\n\n<ul class=\"wp-block-list\">\n<li>Dizemos constantemente: \u201cAinda n\u00e3o estou preparado(a).\u201d<\/li>\n\n\n\n<li>Acreditamos que primeiro precisamos sentir paz para depois obedecer.<\/li>\n\n\n\n<li>Adiamos conversas importantes indefinidamente.<\/li>\n\n\n\n<li>Confundimos cura emocional com decis\u00e3o espiritual.<\/li>\n\n\n\n<li>Vivemos esperando o \u201cmomento certo\u201d.<\/li>\n\n\n\n<li>Nossa vida \u00e9 conduzida mais pelas emo\u00e7\u00f5es do que pela Palavra.<\/li>\n\n\n\n<li>Permanecemos presos porque esperamos sentir aquilo que Deus deseja produzir atrav\u00e9s da obedi\u00eancia.<\/li>\n<\/ul>\n\n\n\n<p class=\"wp-block-paragraph\">\u2014<\/p>\n\n\n\n<h1 class=\"wp-block-heading\"><strong>PERGUNTAS PARA CONVERSAR<\/strong><\/h1>\n\n\n\n<ol class=\"wp-block-list\">\n<li><strong>Existe alguma situa\u00e7\u00e3o em que tenho esperado sentir vontade antes de obedecer ao que Deus j\u00e1 me mostrou?<\/strong><\/li>\n\n\n\n<li><strong>Como a vida de Jesus nos ensina a lidar com emo\u00e7\u00f5es sem sermos governados por elas?<\/strong><\/li>\n\n\n\n<li><strong>O que mudaria em nosso casamento se decid\u00edssemos obedecer primeiro e confiar que Deus transformar\u00e1 nosso cora\u00e7\u00e3o durante o processo?<\/strong><\/li>\n<\/ol>\n\n\n\n<p class=\"wp-block-paragraph\">\u2014<\/p>\n\n\n\n<h1 class=\"wp-block-heading\"><strong>PR\u00c1TICA DO DIA<\/strong><\/h1>\n\n\n\n<p class=\"wp-block-paragraph\"><strong>O DESAFIO<\/strong><\/p>\n\n\n\n<p class=\"wp-block-paragraph\">Hoje cada um escrever\u00e1 duas frases. Na primeira:<\/p>\n\n\n\n<h4 class=\"wp-block-heading\"><strong>\u201cAinda espero sentir\u2026\u201d<\/strong><\/h4>\n\n\n\n<p class=\"wp-block-paragraph\">Na segunda:<\/p>\n\n\n\n<h4 class=\"wp-block-heading\"><strong>\u201cHoje escolho obedecer a Deus em\u2026\u201d<\/strong><\/h4>\n\n\n\n<p class=\"wp-block-paragraph\">Compartilhem um com o outro.<\/p>\n\n\n\n<p class=\"wp-block-paragraph\">Depois leiam juntos <strong>Mateus 26:36-46<\/strong> (Gets\u00eamani).<\/p>\n\n\n\n<p class=\"wp-block-paragraph\">Observem como Jesus n\u00e3o negou Suas emo\u00e7\u00f5es, mas submeteu Sua vontade ao Pai.<\/p>\n\n\n\n<p class=\"wp-block-paragraph\">Ao final, deem as m\u00e3os e fa\u00e7am esta ora\u00e7\u00e3o:<\/p>\n\n\n\n<p class=\"wp-block-paragraph\"><strong>\u201cSenhor, ajuda-nos a obedecer antes de compreender completamente e a confiar antes mesmo de sentir.\u201d<\/strong><\/p>\n\n\n\n<h2 class=\"wp-block-heading\"><strong>EVITEM<\/strong><\/h2>\n\n\n\n<ul class=\"wp-block-list\">\n<li>Esperar emo\u00e7\u00f5es perfeitas para obedecer.<\/li>\n\n\n\n<li>Confundir sinceridade com passividade.<\/li>\n\n\n\n<li>Adiar indefinidamente aquilo que Deus j\u00e1 revelou.<\/li>\n\n\n\n<li>Acreditar que sentimentos s\u00e3o a autoridade m\u00e1xima da vida crist\u00e3.<\/li>\n\n\n\n<li>Desistir porque a paz ainda n\u00e3o chegou completamente.<\/li>\n<\/ul>\n\n\n\n<h2 class=\"wp-block-heading\"><strong>RESULTADO ESPERADO<\/strong><\/h2>\n\n\n\n<p class=\"wp-block-paragraph\">Hoje voc\u00eas compreender\u00e3o que o perd\u00e3o n\u00e3o depende da aus\u00eancia de dor, mas da presen\u00e7a da f\u00e9. Descobrir\u00e3o que Deus transforma o cora\u00e7\u00e3o daqueles que escolhem caminhar em obedi\u00eancia, mesmo quando as emo\u00e7\u00f5es ainda est\u00e3o sendo restauradas.<\/p>\n\n\n\n<p class=\"wp-block-paragraph\">\u2014<\/p>\n\n\n\n<h1 class=\"wp-block-heading\"><strong>ORA\u00c7\u00c3O<\/strong><\/h1>\n\n\n\n<p class=\"wp-block-paragraph\">Pai, muitas vezes esperamos sentir para depois obedecer. Mas hoje reconhecemos que a Tua Palavra nos chama a viver pela f\u00e9. Ensina-nos a confiar em Ti mesmo quando nosso cora\u00e7\u00e3o ainda est\u00e1 em processo de cura. D\u00e1-nos coragem para dar passos de obedi\u00eancia, sabendo que o Senhor \u00e9 fiel para restaurar nossas emo\u00e7\u00f5es ao longo do caminho. Que nunca sejamos governados pelo medo, pela dor ou pela inseguran\u00e7a, mas pela certeza de que Tua gra\u00e7a sustenta cada decis\u00e3o tomada para a Tua gl\u00f3ria. Em nome de Jesus. Am\u00e9m.<\/p>\n\n\n\n<p class=\"wp-block-paragraph\">\u2014<\/p>\n\n\n\n<h1 class=\"wp-block-heading\"><strong>PARA MEMORIZAR<\/strong><strong><\/strong><\/h1>\n\n\n\n<h4 class=\"wp-block-heading\"><strong>\u201cPorque andamos por f\u00e9 e n\u00e3o pelo que vemos.\u201d 2 Cor\u00edntios 5:7<\/strong><\/h4>\n\n\n\n<p class=\"wp-block-paragraph\">\u2014<\/p>\n\n\n\n<h1 class=\"wp-block-heading\"><strong>DECLARA\u00c7\u00c3O DO DIA<\/strong><\/h1>\n\n\n\n<h4 class=\"wp-block-heading\"><strong>Hoje escolhemos viver pela f\u00e9. N\u00e3o esperaremos que nossas emo\u00e7\u00f5es mudem para obedecer \u00e0 vontade de Deus. Confiamos que, enquanto caminhamos em obedi\u00eancia, o Senhor restaurar\u00e1 nosso cora\u00e7\u00e3o, fortalecer\u00e1 nossa alian\u00e7a e produzir\u00e1 em n\u00f3s a paz que somente Ele pode dar.<\/strong><\/h4>\n\n\n\n<p class=\"wp-block-paragraph\">\u2014<\/p>\n\n\n\n<h1 class=\"wp-block-heading\"><strong>RECONSTRUINDO NOSSA<\/strong><\/h1>\n\n\n\n<p class=\"wp-block-paragraph\"><strong>ALIAN\u00c7A<\/strong><\/p>\n\n\n\n<p class=\"wp-block-paragraph\"><strong>\u201cO perd\u00e3o amadurece quando deixamos de perguntar o que sentimos e come\u00e7amos a perguntar o que Deus j\u00e1 nos revelou. A f\u00e9 sempre d\u00e1 o primeiro passo. Depois, a gra\u00e7a alcan\u00e7a o cora\u00e7\u00e3o. E, muitas vezes, a paz que tanto esper\u00e1vamos chega exatamente pelo caminho da obedi\u00eancia.\u201d<\/strong><\/p>\n","protected":false},"excerpt":{"rendered":"<p>PERDOAR N\u00c3O \u00c9 SENTIR VONTADE \u201cQuem espera sentir vontade para perdoar transforma a cura em ref\u00e9m das emo\u00e7\u00f5es. O perd\u00e3o crist\u00e3o nasce da obedi\u00eancia antes de produzir paz no cora\u00e7\u00e3o.\u201d \u2014 TEXTOS B\u00cdBLICOS Mateus 18:21-22 \u201cEnt\u00e3o Pedro aproximou-se de Jesus e perguntou: \u2018Senhor, at\u00e9 quantas vezes meu irm\u00e3o pecar\u00e1 contra mim, e eu lhe perdoarei?\u2019 [&hellip;]<\/p>\n","protected":false},"author":1,"featured_media":424,"comment_status":"open","ping_status":"open","sticky":false,"template":"","format":"standard","meta":{"footnotes":""},"categories":[12],"tags":[],"class_list":["post-423","post","type-post","status-publish","format-standard","has-post-thumbnail","hentry","category-31-dias-de-perdao-para-casais"],"_links":{"self":[{"href":"https:\/\/entrenosusa.com\/index.php?rest_route=\/wp\/v2\/posts\/423","targetHints":{"allow":["GET"]}}],"collection":[{"href":"https:\/\/entrenosusa.com\/index.php?rest_route=\/wp\/v2\/posts"}],"about":[{"href":"https:\/\/entrenosusa.com\/index.php?rest_route=\/wp\/v2\/types\/post"}],"author":[{"embeddable":true,"href":"https:\/\/entrenosusa.com\/index.php?rest_route=\/wp\/v2\/users\/1"}],"replies":[{"embeddable":true,"href":"https:\/\/entrenosusa.com\/index.php?rest_route=%2Fwp%2Fv2%2Fcomments&post=423"}],"version-history":[{"count":1,"href":"https:\/\/entrenosusa.com\/index.php?rest_route=\/wp\/v2\/posts\/423\/revisions"}],"predecessor-version":[{"id":425,"href":"https:\/\/entrenosusa.com\/index.php?rest_route=\/wp\/v2\/posts\/423\/revisions\/425"}],"wp:featuredmedia":[{"embeddable":true,"href":"https:\/\/entrenosusa.com\/index.php?rest_route=\/wp\/v2\/media\/424"}],"wp:attachment":[{"href":"https:\/\/entrenosusa.com\/index.php?rest_route=%2Fwp%2Fv2%2Fmedia&parent=423"}],"wp:term":[{"taxonomy":"category","embeddable":true,"href":"https:\/\/entrenosusa.com\/index.php?rest_route=%2Fwp%2Fv2%2Fcategories&post=423"},{"taxonomy":"post_tag","embeddable":true,"href":"https:\/\/entrenosusa.com\/index.php?rest_route=%2Fwp%2Fv2%2Ftags&post=423"}],"curies":[{"name":"wp","href":"https:\/\/api.w.org\/{rel}","templated":true}]}}