{"id":420,"date":"2026-08-25T13:22:59","date_gmt":"2026-08-25T13:22:59","guid":{"rendered":"https:\/\/entrenosusa.com\/?p=420"},"modified":"2026-08-25T16:19:58","modified_gmt":"2026-08-25T16:19:58","slug":"dia-12-2","status":"publish","type":"post","link":"https:\/\/entrenosusa.com\/?p=420","title":{"rendered":"DIA 12"},"content":{"rendered":"\n<h1 class=\"wp-block-heading\"><strong>PERDOAR N\u00c3O \u00c9 ESQUECER<\/strong><\/h1>\n\n\n\n<h4 class=\"wp-block-heading\"><strong>\u201cDeus nunca nos chamou para apagar a mem\u00f3ria. Chamou-nos para libertar o cora\u00e7\u00e3o do poder que a lembran\u00e7a exercia sobre ele.\u201d<\/strong><\/h4>\n\n\n\n<p class=\"wp-block-paragraph\">\u2014<\/p>\n\n\n\n<h1 class=\"wp-block-heading\"><strong>TEXTOS B\u00cdBLICOS<\/strong><\/h1>\n\n\n\n<h4 class=\"wp-block-heading\"><strong>Hebreus 8:12<\/strong><\/h4>\n\n\n\n<p class=\"wp-block-paragraph\"><em>\u201cPois perdoarei as suas iniquidades e dos seus pecados jamais me lembrarei.\u201d<\/em><\/p>\n\n\n\n<h4 class=\"wp-block-heading\"><strong>Isa\u00edas 43:25<\/strong><\/h4>\n\n\n\n<p class=\"wp-block-paragraph\"><em>\u201cEu, eu mesmo, sou o que apago as tuas transgress\u00f5es por amor de mim e dos teus pecados n\u00e3o me lembro.\u201d<\/em><em><\/em><\/p>\n\n\n\n<p class=\"wp-block-paragraph\"><strong>G\u00eanesis 50:15-21<\/strong> (Jos\u00e9 e seus irm\u00e3os) <strong>Romanos 12:17-21<\/strong><\/p>\n\n\n\n<p class=\"wp-block-paragraph\">\u2014<\/p>\n\n\n\n<h1 class=\"wp-block-heading\"><strong>MEDITA\u00c7\u00c3O<\/strong><\/h1>\n\n\n\n<p class=\"wp-block-paragraph\">Existe uma culpa silenciosa que acompanha muitos crist\u00e3os.<\/p>\n\n\n\n<p class=\"wp-block-paragraph\">Ela aparece sempre que uma lembran\u00e7a dolorosa volta \u00e0 mente.<\/p>\n\n\n\n<p class=\"wp-block-paragraph\">Ent\u00e3o pensamos:<\/p>\n\n\n\n<h4 class=\"wp-block-heading\"><strong>\u201cAchei que j\u00e1 tinha perdoado\u2026\u201d<\/strong><\/h4>\n\n\n\n<p class=\"wp-block-paragraph\">Ou:<\/p>\n\n\n\n<h4 class=\"wp-block-heading\"><strong>\u201cSe ainda d\u00f3i, \u00e9 porque meu perd\u00e3o n\u00e3o foi verdadeiro.\u201d<\/strong><\/h4>\n\n\n\n<p class=\"wp-block-paragraph\">Mas ser\u00e1 que a B\u00edblia realmente ensina isso? A resposta \u00e9 n\u00e3o.<\/p>\n\n\n\n<p class=\"wp-block-paragraph\">Perdoar nunca significou perder a mem\u00f3ria.<\/p>\n\n\n\n<p class=\"wp-block-paragraph\">Se fosse assim, Deus teria criado um mandamento imposs\u00edvel.<\/p>\n\n\n\n<p class=\"wp-block-paragraph\">Porque ningu\u00e9m controla aquilo que o c\u00e9rebro consegue lembrar.<\/p>\n\n\n\n<p class=\"wp-block-paragraph\">A mem\u00f3ria \u00e9 um presente de Deus. Ela guarda nossa hist\u00f3ria.<\/p>\n\n\n\n<p class=\"wp-block-paragraph\">Nos protege de repetir erros. Ensina-nos.<\/p>\n\n\n\n<p class=\"wp-block-paragraph\">Forma quem somos.<\/p>\n\n\n\n<p class=\"wp-block-paragraph\">O problema nunca foi lembrar.<\/p>\n\n\n\n<p class=\"wp-block-paragraph\">O problema \u00e9 o que fazemos quando lembramos. Existe uma diferen\u00e7a enorme entre mem\u00f3ria\u2026<\/p>\n\n\n\n<p class=\"wp-block-paragraph\">E pris\u00e3o.<\/p>\n\n\n\n<p class=\"wp-block-paragraph\">A mem\u00f3ria visita.<\/p>\n\n\n\n<p class=\"wp-block-paragraph\">A pris\u00e3o permanece.<\/p>\n\n\n\n<p class=\"wp-block-paragraph\">Talvez seja por isso que Hebreus diz que Deus n\u00e3o se lembra mais dos nossos pecados.<\/p>\n\n\n\n<p class=\"wp-block-paragraph\">Essa express\u00e3o sempre intrigou muitas pessoas.<\/p>\n\n\n\n<p class=\"wp-block-paragraph\">Como um Deus onisciente poderia esquecer alguma coisa? Ele n\u00e3o esquece.<\/p>\n\n\n\n<p class=\"wp-block-paragraph\">Deus escolhe n\u00e3o nos tratar segundo aquilo que fizemos.<\/p>\n\n\n\n<p class=\"wp-block-paragraph\">Ele decide n\u00e3o usar nosso passado como acusa\u00e7\u00e3o permanente.<\/p>\n\n\n\n<p class=\"wp-block-paragraph\">Essa \u00e9 a ess\u00eancia do perd\u00e3o.<\/p>\n\n\n\n<p class=\"wp-block-paragraph\">N\u00e3o \u00e9 amn\u00e9sia. \u00c9 gra\u00e7a.<\/p>\n\n\n\n<p class=\"wp-block-paragraph\">Jos\u00e9 compreendeu isso profundamente.<\/p>\n\n\n\n<p class=\"wp-block-paragraph\">Depois de tudo o que sofreu, encontrou novamente seus irm\u00e3os.<\/p>\n\n\n\n<p class=\"wp-block-paragraph\">Poderia ter usado cada lembran\u00e7a como arma. Poderia ter cobrado.<\/p>\n\n\n\n<p class=\"wp-block-paragraph\">Humilhado.<\/p>\n\n\n\n<p class=\"wp-block-paragraph\">Vingado.<\/p>\n\n\n\n<p class=\"wp-block-paragraph\">As lembran\u00e7as continuavam l\u00e1.<\/p>\n\n\n\n<p class=\"wp-block-paragraph\">Ele sabia exatamente quem o havia vendido. Sabia exatamente onde tudo come\u00e7ou.<\/p>\n\n\n\n<p class=\"wp-block-paragraph\">Mas escolheu dar um novo significado \u00e0quela hist\u00f3ria. Quando disse:<\/p>\n\n\n\n<h4 class=\"wp-block-heading\"><strong>\u201cVoc\u00eas intentaram o mal contra mim, por\u00e9m Deus o tornou em bem.\u201d<\/strong><\/h4>\n\n\n\n<p class=\"wp-block-paragraph\">Jos\u00e9 n\u00e3o negou o sofrimento.<\/p>\n\n\n\n<p class=\"wp-block-paragraph\">Tamb\u00e9m n\u00e3o diminuiu a gravidade do pecado dos irm\u00e3os.<\/p>\n\n\n\n<p class=\"wp-block-paragraph\">Ele apenas decidiu que aquela lembran\u00e7a n\u00e3o governaria mais o futuro.<\/p>\n\n\n\n<p class=\"wp-block-paragraph\">\u00c9 isso que o perd\u00e3o faz.<\/p>\n\n\n\n<p class=\"wp-block-paragraph\">Ele muda a autoridade da mem\u00f3ria.<\/p>\n\n\n\n<p class=\"wp-block-paragraph\">Talvez hoje voc\u00ea ainda se lembre daquela discuss\u00e3o. Da trai\u00e7\u00e3o.<\/p>\n\n\n\n<p class=\"wp-block-paragraph\">Da mentira.<\/p>\n\n\n\n<p class=\"wp-block-paragraph\">Da palavra que feriu.<\/p>\n\n\n\n<p class=\"wp-block-paragraph\">Da noite em que chorou.<\/p>\n\n\n\n<p class=\"wp-block-paragraph\">Isso n\u00e3o significa necessariamente que voc\u00ea n\u00e3o perdoou. A quest\u00e3o \u00e9 outra.<\/p>\n\n\n\n<h4 class=\"wp-block-heading\"><strong>O que essa lembran\u00e7a produz quando ela volta?<\/strong><\/h4>\n\n\n\n<p class=\"wp-block-paragraph\">Ela desperta desejo de vingan\u00e7a? Desejo de humilhar?<\/p>\n\n\n\n<p class=\"wp-block-paragraph\">Desejo de devolver a mesma dor?<\/p>\n\n\n\n<p class=\"wp-block-paragraph\">Ou desperta apenas gratid\u00e3o porque Deus sustentou voc\u00eas at\u00e9 aqui?<\/p>\n\n\n\n<p class=\"wp-block-paragraph\">Essa diferen\u00e7a muda tudo.<\/p>\n\n\n\n<p class=\"wp-block-paragraph\">Existe um momento em que Jesus ressuscitado aparece aos disc\u00edpulos.<\/p>\n\n\n\n<p class=\"wp-block-paragraph\">Suas m\u00e3os ainda carregavam as marcas dos cravos. As cicatrizes continuavam ali.<\/p>\n\n\n\n<p class=\"wp-block-paragraph\">Mas j\u00e1 n\u00e3o sangravam.<\/p>\n\n\n\n<p class=\"wp-block-paragraph\">Talvez essa seja uma das imagens mais bonitas do perd\u00e3o. As marcas permanecem.<\/p>\n\n\n\n<p class=\"wp-block-paragraph\">Mas deixam de sangrar. Continuam contando uma hist\u00f3ria. S\u00f3 que agora\u2026<\/p>\n\n\n\n<p class=\"wp-block-paragraph\">Uma hist\u00f3ria de reden\u00e7\u00e3o.<\/p>\n\n\n\n<p class=\"wp-block-paragraph\">Talvez Deus nunca retire completamente algumas lembran\u00e7as da sua mem\u00f3ria.<\/p>\n\n\n\n<p class=\"wp-block-paragraph\">Mas Ele pode retirar completamente o veneno que havia nelas.<\/p>\n\n\n\n<p class=\"wp-block-paragraph\">Existe um perigo muito grande.<\/p>\n\n\n\n<p class=\"wp-block-paragraph\">Algumas pessoas transformam o perd\u00e3o em uma obriga\u00e7\u00e3o emocional.<\/p>\n\n\n\n<p class=\"wp-block-paragraph\">Passam a lutar contra a pr\u00f3pria mem\u00f3ria. Sentem culpa cada vez que lembram.<\/p>\n\n\n\n<p class=\"wp-block-paragraph\">Vivem tentando apagar aquilo que Deus nunca pediu para apagar.<\/p>\n\n\n\n<p class=\"wp-block-paragraph\">Enquanto isso\u2026<\/p>\n\n\n\n<p class=\"wp-block-paragraph\">Esquecem de fazer aquilo que Deus realmente pediu.<\/p>\n\n\n\n<p class=\"wp-block-paragraph\">Amar. Aben\u00e7oar.<\/p>\n\n\n\n<p class=\"wp-block-paragraph\">N\u00e3o retribuir mal por mal. Viver em paz.<\/p>\n\n\n\n<p class=\"wp-block-paragraph\">O verdadeiro milagre n\u00e3o acontece quando deixamos de lembrar.<\/p>\n\n\n\n<p class=\"wp-block-paragraph\">Acontece quando a lembran\u00e7a deixa de controlar nossas escolhas.<\/p>\n\n\n\n<p class=\"wp-block-paragraph\">Talvez hoje Deus esteja perguntando:<\/p>\n\n\n\n<h4 class=\"wp-block-heading\"><strong>\u201cQuando essa mem\u00f3ria voltar\u2026 ela continuar\u00e1 sendo dona do seu cora\u00e7\u00e3o?\u201d<\/strong><\/h4>\n\n\n\n<p class=\"wp-block-paragraph\">Porque esse \u00e9 o verdadeiro teste do perd\u00e3o. N\u00e3o o desaparecimento da lembran\u00e7a.<\/p>\n\n\n\n<p class=\"wp-block-paragraph\">Mas a liberdade do cora\u00e7\u00e3o.<\/p>\n\n\n\n<p class=\"wp-block-paragraph\">As lembran\u00e7as podem continuar visitando voc\u00ea. Mas j\u00e1 n\u00e3o morar\u00e3o dentro de voc\u00ea.<\/p>\n\n\n\n<p class=\"wp-block-paragraph\">Porque agora esse lugar pertence \u00e0 gra\u00e7a.<\/p>\n\n\n\n<p class=\"wp-block-paragraph\">\u2014<\/p>\n\n\n\n<h1 class=\"wp-block-heading\"><strong>REFLEX\u00c3O<\/strong><strong><\/strong><\/h1>\n\n\n\n<h4 class=\"wp-block-heading\"><strong>O perd\u00e3o n\u00e3o remove a lembran\u00e7a da mem\u00f3ria. Remove a autoridade que essa lembran\u00e7a tinha sobre nossa vida.<\/strong><\/h4>\n\n\n\n<p class=\"wp-block-paragraph\">\u2014<\/p>\n\n\n\n<h1 class=\"wp-block-heading\"><strong>PRINC\u00cdPIO DO DIA<\/strong><\/h1>\n\n\n\n<h4 class=\"wp-block-heading\"><strong>Perdoar \u00e9 decidir que o passado n\u00e3o continuar\u00e1 determinando a maneira como construiremos o futuro.<\/strong><\/h4>\n\n\n\n<p class=\"wp-block-paragraph\">\u2014<\/p>\n\n\n\n<h1 class=\"wp-block-heading\"><strong>SINAIS DE ALERTA<\/strong><\/h1>\n\n\n\n<h3 class=\"wp-block-heading\"><strong>Sinais de que a mem\u00f3ria ainda governa nosso cora\u00e7\u00e3o<\/strong><\/h3>\n\n\n\n<ul class=\"wp-block-list\">\n<li>Cada lembran\u00e7a reacende o desejo de acusar.<\/li>\n\n\n\n<li>Usamos constantemente o passado durante discuss\u00f5es.<\/li>\n\n\n\n<li>Temos dificuldade em reconhecer mudan\u00e7as no outro.<\/li>\n\n\n\n<li>A lembran\u00e7a produz mais ira do que compaix\u00e3o.<\/li>\n\n\n\n<li>Sentimos culpa apenas por lembrar.<\/li>\n\n\n\n<li>Vivemos presos ao que aconteceu.<\/li>\n\n\n\n<li>A hist\u00f3ria pesa mais do que a esperan\u00e7a.<\/li>\n<\/ul>\n\n\n\n<p class=\"wp-block-paragraph\">\u2014<strong><\/strong><\/p>\n\n\n\n<h1 class=\"wp-block-heading\"><strong>PERGUNTAS PARA CONVERSAR<\/strong><\/h1>\n\n\n\n<ol class=\"wp-block-list\">\n<li><strong>Existe alguma lembran\u00e7a que ainda visita meu cora\u00e7\u00e3o com frequ\u00eancia? O que ela produz em mim hoje?<\/strong><\/li>\n\n\n\n<li><strong>Tenho confundido lembrar com n\u00e3o ter perdoado?<\/strong><\/li>\n\n\n\n<li><strong>Como podemos permitir que Deus transforme nossas lembran\u00e7as em testemunhos da Sua gra\u00e7a, em vez de fontes cont\u00ednuas de dor?<\/strong><\/li>\n<\/ol>\n\n\n\n<p class=\"wp-block-paragraph\">\u2014<\/p>\n\n\n\n<h1 class=\"wp-block-heading\"><strong>PR\u00c1TICA DO DIA<\/strong><\/h1>\n\n\n\n<p class=\"wp-block-paragraph\"><strong>O DESAFIO<\/strong><\/p>\n\n\n\n<p class=\"wp-block-paragraph\">Hoje escolham uma lembran\u00e7a dif\u00edcil da caminhada de voc\u00eas.<\/p>\n\n\n\n<p class=\"wp-block-paragraph\">Conversem sobre ela.<\/p>\n\n\n\n<p class=\"wp-block-paragraph\">Mas fa\u00e7am um exerc\u00edcio diferente. N\u00e3o contem apenas o que aconteceu. Respondam juntos:<\/p>\n\n\n\n<h4 class=\"wp-block-heading\"><strong>\u201cOnde Deus estava naquele momento?\u201d<\/strong><\/h4>\n\n\n\n<p class=\"wp-block-paragraph\">Depois fa\u00e7am uma segunda pergunta:<\/p>\n\n\n\n<h4 class=\"wp-block-heading\"><strong>\u201cO que Deus produziu em n\u00f3s atrav\u00e9s daquela experi\u00eancia?\u201d<\/strong><\/h4>\n\n\n\n<p class=\"wp-block-paragraph\">Ao final, agrade\u00e7am ao Senhor n\u00e3o pela dor. Mas porque ela n\u00e3o teve a \u00faltima palavra.<\/p>\n\n\n\n<h2 class=\"wp-block-heading\"><strong>EVITEM<\/strong><\/h2>\n\n\n\n<ul class=\"wp-block-list\">\n<li>Lutar contra a exist\u00eancia da mem\u00f3ria.<\/li>\n\n\n\n<li>Confundir lembran\u00e7a com falta de perd\u00e3o.<\/li>\n\n\n\n<li>Usar o passado como arma.<\/li>\n\n\n\n<li>Alimentar pensamentos de vingan\u00e7a.<\/li>\n\n\n\n<li>Acreditar que Deus s\u00f3 restaura quando apaga a hist\u00f3ria.<\/li>\n<\/ul>\n\n\n\n<h2 class=\"wp-block-heading\"><strong>RESULTADO ESPERADO<\/strong><\/h2>\n\n\n\n<p class=\"wp-block-paragraph\">Hoje voc\u00eas compreender\u00e3o que o verdadeiro perd\u00e3o n\u00e3o exige uma mem\u00f3ria vazia, mas um cora\u00e7\u00e3o livre. As lembran\u00e7as continuar\u00e3o existindo, por\u00e9m perder\u00e3o o poder de controlar suas emo\u00e7\u00f5es, suas decis\u00f5es e seu relacionamento.<\/p>\n\n\n\n<p class=\"wp-block-paragraph\">\u2014<\/p>\n\n\n\n<h1 class=\"wp-block-heading\"><strong>ORA\u00c7\u00c3O<\/strong><\/h1>\n\n\n\n<p class=\"wp-block-paragraph\">Pai, obrigado porque o Senhor conhece toda a nossa hist\u00f3ria. Tu sabes das lembran\u00e7as que ainda nos visitam e das cicatrizes que permanecem em nossa alma. Hoje n\u00e3o Te<\/p>\n\n\n\n<p class=\"wp-block-paragraph\">pedimos que apagues nossa mem\u00f3ria, mas que transformes nosso cora\u00e7\u00e3o. Que toda lembran\u00e7a seja alcan\u00e7ada pela Tua gra\u00e7a. Onde antes havia dor, planta esperan\u00e7a. Onde havia acusa\u00e7\u00e3o, derrama miseric\u00f3rdia. E que, sempre que o passado voltar \u00e0 nossa mente, ele nos fa\u00e7a lembrar n\u00e3o apenas do que sofremos, mas principalmente da fidelidade com que o Senhor nos sustentou. Em nome de Jesus. Am\u00e9m.<\/p>\n\n\n\n<p class=\"wp-block-paragraph\">\u2014<\/p>\n\n\n\n<h1 class=\"wp-block-heading\"><strong>PARA MEMORIZAR<\/strong><\/h1>\n\n\n\n<h4 class=\"wp-block-heading\"><strong>\u201cEu, eu mesmo, sou o que apago as tuas transgress\u00f5es por amor de mim e dos teus pecados n\u00e3o me lembro.\u201d<\/strong><\/h4>\n\n\n\n<p class=\"wp-block-paragraph\"><strong>Isa\u00edas 43:25<\/strong><\/p>\n\n\n\n<p class=\"wp-block-paragraph\">\u2014<\/p>\n\n\n\n<h1 class=\"wp-block-heading\"><strong>DECLARA\u00c7\u00c3O DO DIA<\/strong><\/h1>\n\n\n\n<h4 class=\"wp-block-heading\"><strong>Hoje escolhemos viver em liberdade. N\u00e3o seremos escravos das lembran\u00e7as nem culpados por aquilo que nossa mem\u00f3ria ainda registra. Cremos que Deus est\u00e1 transformando nossa hist\u00f3ria e que Sua gra\u00e7a \u00e9 maior do que qualquer cicatriz. Nosso passado n\u00e3o governar\u00e1 mais nosso futuro.<\/strong><\/h4>\n\n\n\n<p class=\"wp-block-paragraph\">\u2014<strong><\/strong><\/p>\n\n\n\n<h1 class=\"wp-block-heading\"><strong>RECONSTRUINDO NOSSA<\/strong><\/h1>\n\n\n\n<p class=\"wp-block-paragraph\"><strong>ALIAN\u00c7A<\/strong><\/p>\n\n\n\n<p class=\"wp-block-paragraph\"><strong>\u201cO perd\u00e3o n\u00e3o faz desaparecer as cicatrizes. Ele transforma o significado delas. Um cora\u00e7\u00e3o curado n\u00e3o \u00e9 aquele que perdeu a mem\u00f3ria, mas aquele que j\u00e1 n\u00e3o permite que a mem\u00f3ria ocupe o lugar que pertence \u00e0 gra\u00e7a de Deus. Quando Cristo reina, at\u00e9 as lembran\u00e7as passam a anunciar Sua fidelidade.\u201d<\/strong><\/p>\n","protected":false},"excerpt":{"rendered":"<p>PERDOAR N\u00c3O \u00c9 ESQUECER \u201cDeus nunca nos chamou para apagar a mem\u00f3ria. Chamou-nos para libertar o cora\u00e7\u00e3o do poder que a lembran\u00e7a exercia sobre ele.\u201d \u2014 TEXTOS B\u00cdBLICOS Hebreus 8:12 \u201cPois perdoarei as suas iniquidades e dos seus pecados jamais me lembrarei.\u201d Isa\u00edas 43:25 \u201cEu, eu mesmo, sou o que apago as tuas transgress\u00f5es por [&hellip;]<\/p>\n","protected":false},"author":1,"featured_media":421,"comment_status":"open","ping_status":"open","sticky":false,"template":"","format":"standard","meta":{"footnotes":""},"categories":[12],"tags":[],"class_list":["post-420","post","type-post","status-publish","format-standard","has-post-thumbnail","hentry","category-31-dias-de-perdao-para-casais"],"_links":{"self":[{"href":"https:\/\/entrenosusa.com\/index.php?rest_route=\/wp\/v2\/posts\/420","targetHints":{"allow":["GET"]}}],"collection":[{"href":"https:\/\/entrenosusa.com\/index.php?rest_route=\/wp\/v2\/posts"}],"about":[{"href":"https:\/\/entrenosusa.com\/index.php?rest_route=\/wp\/v2\/types\/post"}],"author":[{"embeddable":true,"href":"https:\/\/entrenosusa.com\/index.php?rest_route=\/wp\/v2\/users\/1"}],"replies":[{"embeddable":true,"href":"https:\/\/entrenosusa.com\/index.php?rest_route=%2Fwp%2Fv2%2Fcomments&post=420"}],"version-history":[{"count":1,"href":"https:\/\/entrenosusa.com\/index.php?rest_route=\/wp\/v2\/posts\/420\/revisions"}],"predecessor-version":[{"id":422,"href":"https:\/\/entrenosusa.com\/index.php?rest_route=\/wp\/v2\/posts\/420\/revisions\/422"}],"wp:featuredmedia":[{"embeddable":true,"href":"https:\/\/entrenosusa.com\/index.php?rest_route=\/wp\/v2\/media\/421"}],"wp:attachment":[{"href":"https:\/\/entrenosusa.com\/index.php?rest_route=%2Fwp%2Fv2%2Fmedia&parent=420"}],"wp:term":[{"taxonomy":"category","embeddable":true,"href":"https:\/\/entrenosusa.com\/index.php?rest_route=%2Fwp%2Fv2%2Fcategories&post=420"},{"taxonomy":"post_tag","embeddable":true,"href":"https:\/\/entrenosusa.com\/index.php?rest_route=%2Fwp%2Fv2%2Ftags&post=420"}],"curies":[{"name":"wp","href":"https:\/\/api.w.org\/{rel}","templated":true}]}}