{"id":417,"date":"2026-08-25T13:21:34","date_gmt":"2026-08-25T13:21:34","guid":{"rendered":"https:\/\/entrenosusa.com\/?p=417"},"modified":"2026-08-25T16:19:58","modified_gmt":"2026-08-25T16:19:58","slug":"dia-11-2","status":"publish","type":"post","link":"https:\/\/entrenosusa.com\/?p=417","title":{"rendered":"DIA 11"},"content":{"rendered":"\n<h1 class=\"wp-block-heading\"><strong>DEUS NOS PERDOOU PRIMEIRO<\/strong><\/h1>\n\n\n\n<h4 class=\"wp-block-heading\"><strong>\u201cO perd\u00e3o nunca come\u00e7ou no cora\u00e7\u00e3o do homem. Come\u00e7ou no cora\u00e7\u00e3o de Deus. Antes que d\u00e9ssemos um passo em Sua dire\u00e7\u00e3o, Ele j\u00e1 caminhava em nossa dire\u00e7\u00e3o com gra\u00e7a.\u201d<\/strong><\/h4>\n\n\n\n<p class=\"wp-block-paragraph\">\u2014<\/p>\n\n\n\n<h1 class=\"wp-block-heading\"><strong>TEXTOS B\u00cdBLICOS<\/strong><strong><\/strong><\/h1>\n\n\n\n<h4 class=\"wp-block-heading\"><strong>Romanos 5:8<\/strong><\/h4>\n\n\n\n<p class=\"wp-block-paragraph\"><em>\u201cMas Deus prova o seu amor para conosco em que Cristo morreu por n\u00f3s, sendo n\u00f3s ainda pecadores.\u201d<\/em><\/p>\n\n\n\n<h4 class=\"wp-block-heading\"><strong>Ef\u00e9sios 4:32<\/strong><\/h4>\n\n\n\n<p class=\"wp-block-paragraph\"><em>\u201cSede uns para com os outros benignos, compassivos, perdoando-vos uns aos outros, como tamb\u00e9m Deus, em Cristo, vos perdoou.\u201d<\/em><\/p>\n\n\n\n<h4 class=\"wp-block-heading\"><strong>Lucas 23:34<\/strong><\/h4>\n\n\n\n<p class=\"wp-block-paragraph\"><em>\u201cPai, perdoa-lhes, porque n\u00e3o sabem o que fazem.\u201d<\/em><\/p>\n\n\n\n<h4 class=\"wp-block-heading\"><strong>Colossenses 2:13-14<\/strong><\/h4>\n\n\n\n<p class=\"wp-block-paragraph\">\u2014<\/p>\n\n\n\n<h1 class=\"wp-block-heading\"><strong>MEDITA\u00c7\u00c3O<\/strong><\/h1>\n\n\n\n<p class=\"wp-block-paragraph\">Existe uma pergunta que muda completamente a maneira como enxergamos o perd\u00e3o.<\/p>\n\n\n\n<h4 class=\"wp-block-heading\"><strong>Quem deu o primeiro passo?<\/strong><\/h4>\n\n\n\n<p class=\"wp-block-paragraph\">Talvez nossa resposta natural seja: <strong>\u201cQuem errou deve procurar primeiro.\u201d<\/strong> Parece justo.<\/p>\n\n\n\n<p class=\"wp-block-paragraph\">Parece l\u00f3gico. Parece razo\u00e1vel.<\/p>\n\n\n\n<p class=\"wp-block-paragraph\">Mas n\u00e3o foi assim que Deus escreveu a hist\u00f3ria da nossa salva\u00e7\u00e3o.<\/p>\n\n\n\n<p class=\"wp-block-paragraph\">A B\u00edblia diz que, <strong>quando ainda \u00e9ramos pecadores<\/strong>, Cristo morreu por n\u00f3s.<\/p>\n\n\n\n<p class=\"wp-block-paragraph\">N\u00e3o foi depois do nosso arrependimento. N\u00e3o foi depois de pedirmos perd\u00e3o.<\/p>\n\n\n\n<p class=\"wp-block-paragraph\">N\u00e3o foi depois de mudarmos de vida. Foi antes.<\/p>\n\n\n\n<p class=\"wp-block-paragraph\">Muito antes.<\/p>\n\n\n\n<p class=\"wp-block-paragraph\">Isso significa que a cruz nasceu da iniciativa de Deus.<\/p>\n\n\n\n<p class=\"wp-block-paragraph\">O Evangelho n\u00e3o come\u00e7a com um homem procurando Deus. Come\u00e7a com Deus procurando o homem.<\/p>\n\n\n\n<p class=\"wp-block-paragraph\">Desde o \u00c9den foi assim.<\/p>\n\n\n\n<p class=\"wp-block-paragraph\">Depois da queda, Ad\u00e3o e Eva esconderam-se. Mas Deus veio ao encontro deles.<\/p>\n\n\n\n<p class=\"wp-block-paragraph\">No deserto, Israel afastou-se in\u00fameras vezes. Mas Deus permaneceu fiel \u00e0 Sua alian\u00e7a.<\/p>\n\n\n\n<p class=\"wp-block-paragraph\">Nos Evangelhos, vemos Jesus aproximando-Se dos rejeitados, dos pecadores, dos improv\u00e1veis.<\/p>\n\n\n\n<p class=\"wp-block-paragraph\">Perceba um padr\u00e3o.<\/p>\n\n\n\n<p class=\"wp-block-paragraph\">Sempre foi Deus quem tomou a iniciativa.<\/p>\n\n\n\n<p class=\"wp-block-paragraph\">Porque o amor verdadeiro n\u00e3o espera apenas ser procurado. Ele tamb\u00e9m vai ao encontro.<\/p>\n\n\n\n<p class=\"wp-block-paragraph\">Talvez seja exatamente aqui que muitos casamentos travam. Esperamos que o outro venha.<\/p>\n\n\n\n<p class=\"wp-block-paragraph\">Esperamos que o outro mude. Esperamos que o outro reconhe\u00e7a.<\/p>\n\n\n\n<p class=\"wp-block-paragraph\">Esperamos que o outro d\u00ea o primeiro passo. Enquanto isso\u2026<\/p>\n\n\n\n<p class=\"wp-block-paragraph\">O tempo passa. O sil\u00eancio cresce.<\/p>\n\n\n\n<p class=\"wp-block-paragraph\">A dist\u00e2ncia aumenta.<\/p>\n\n\n\n<p class=\"wp-block-paragraph\">Mas a cruz nos ensina outro caminho. Cristo n\u00e3o ficou esperando.<\/p>\n\n\n\n<p class=\"wp-block-paragraph\">Ele veio.<\/p>\n\n\n\n<p class=\"wp-block-paragraph\">E veio sabendo exatamente quanto custaria.<\/p>\n\n\n\n<p class=\"wp-block-paragraph\">Existe algo profundamente emocionante na ora\u00e7\u00e3o de Jesus na cruz.<\/p>\n\n\n\n<h4 class=\"wp-block-heading\"><strong>\u201cPai, perdoa-lhes.\u201d<\/strong><\/h4>\n\n\n\n<p class=\"wp-block-paragraph\">Quem estava diante d\u2019Ele? Pessoas arrependidas?<\/p>\n\n\n\n<p class=\"wp-block-paragraph\">N\u00e3o.<\/p>\n\n\n\n<p class=\"wp-block-paragraph\">Homens que zombavam. Soldados que O feriam.<\/p>\n\n\n\n<p class=\"wp-block-paragraph\">L\u00edderes religiosos que O rejeitavam. Mesmo assim\u2026<\/p>\n\n\n\n<p class=\"wp-block-paragraph\">Jesus intercede por eles. N\u00e3o porque mereciam.<\/p>\n\n\n\n<p class=\"wp-block-paragraph\">Mas porque a gra\u00e7a nunca foi constru\u00edda sobre merecimento.<\/p>\n\n\n\n<p class=\"wp-block-paragraph\">Talvez essa seja a maior diferen\u00e7a entre a l\u00f3gica humana e o Evangelho.<\/p>\n\n\n\n<p class=\"wp-block-paragraph\">N\u00f3s perguntamos:<\/p>\n\n\n\n<h4 class=\"wp-block-heading\"><strong>\u201cQuem merece perd\u00e3o?\u201d<\/strong><\/h4>\n\n\n\n<p class=\"wp-block-paragraph\">Deus pergunta:<\/p>\n\n\n\n<h4 class=\"wp-block-heading\"><strong>\u201cQuem precisa de perd\u00e3o?\u201d<\/strong><\/h4>\n\n\n\n<p class=\"wp-block-paragraph\">Se dependesse do merecimento\u2026 Nenhum de n\u00f3s estaria de p\u00e9.<\/p>\n\n\n\n<p class=\"wp-block-paragraph\">Todos pecaram.<\/p>\n\n\n\n<p class=\"wp-block-paragraph\">Todos falharam.<\/p>\n\n\n\n<p class=\"wp-block-paragraph\">Todos feriram o cora\u00e7\u00e3o de Deus. Mesmo assim\u2026<\/p>\n\n\n\n<p class=\"wp-block-paragraph\">Ele escolheu amar.<\/p>\n\n\n\n<p class=\"wp-block-paragraph\">\u00c9 exatamente por isso que Paulo escreve:<\/p>\n\n\n\n<h4 class=\"wp-block-heading\"><strong>\u201cPerdoem uns aos outros, como Deus, em Cristo, lhes perdoou.\u201d<\/strong><\/h4>\n\n\n\n<p class=\"wp-block-paragraph\">Observe.<\/p>\n\n\n\n<p class=\"wp-block-paragraph\">Nosso modelo n\u00e3o \u00e9 o comportamento do c\u00f4njuge. Nosso modelo \u00e9 Cristo.<\/p>\n\n\n\n<p class=\"wp-block-paragraph\">Isso muda tudo.<\/p>\n\n\n\n<p class=\"wp-block-paragraph\">Porque haver\u00e1 dias em que o outro n\u00e3o merecer\u00e1 nosso perd\u00e3o.<\/p>\n\n\n\n<p class=\"wp-block-paragraph\">Assim como houve um dia em que n\u00f3s tamb\u00e9m n\u00e3o merec\u00edamos o perd\u00e3o de Deus.<\/p>\n\n\n\n<p class=\"wp-block-paragraph\">O Evangelho nunca diz que perdoar \u00e9 f\u00e1cil. Diz que \u00e9 poss\u00edvel.<\/p>\n\n\n\n<p class=\"wp-block-paragraph\">Porque antes de pedir algo de n\u00f3s\u2026 Cristo fez isso por n\u00f3s.<\/p>\n\n\n\n<p class=\"wp-block-paragraph\">Talvez algu\u00e9m diga:<\/p>\n\n\n\n<h4 class=\"wp-block-heading\"><strong>\u201cMas voc\u00ea n\u00e3o conhece a gravidade do que aconteceu.\u201d<\/strong><\/h4>\n\n\n\n<p class=\"wp-block-paragraph\">\u00c9 verdade.<\/p>\n\n\n\n<p class=\"wp-block-paragraph\">Talvez eu nunca conhe\u00e7a. Mas Deus conhece.<\/p>\n\n\n\n<p class=\"wp-block-paragraph\">E conhece tamb\u00e9m a gravidade do nosso pecado contra Ele. Ainda assim\u2026<\/p>\n\n\n\n<p class=\"wp-block-paragraph\">Escolheu abrir os bra\u00e7os.<\/p>\n\n\n\n<p class=\"wp-block-paragraph\">Talvez hoje Deus esteja perguntando:<\/p>\n\n\n\n<h4 class=\"wp-block-heading\"><strong>\u201cVoc\u00ea consegue olhar para a cruz antes de olhar para a ofensa?\u201d<\/strong><\/h4>\n\n\n\n<p class=\"wp-block-paragraph\">Porque quem permanece olhando apenas para a ofensa encontra motivos para endurecer.<\/p>\n\n\n\n<p class=\"wp-block-paragraph\">Mas quem contempla a cruz encontra raz\u00f5es para permanecer humilde.<\/p>\n\n\n\n<p class=\"wp-block-paragraph\">N\u00e3o porque a dor seja pequena.<\/p>\n\n\n\n<p class=\"wp-block-paragraph\">Mas porque a gra\u00e7a \u00e9 infinitamente maior. Hoje come\u00e7a a segunda parte desta jornada. At\u00e9 aqui olhamos para nossas feridas.<\/p>\n\n\n\n<p class=\"wp-block-paragraph\">A partir de agora\u2026<\/p>\n\n\n\n<p class=\"wp-block-paragraph\">Olharemos para Aquele que carregou nossas feridas.<\/p>\n\n\n\n<p class=\"wp-block-paragraph\">Porque ningu\u00e9m aprende a perdoar apenas observando pessoas.<\/p>\n\n\n\n<p class=\"wp-block-paragraph\">Aprendemos a perdoar contemplando Cristo. E quanto mais contemplamos a cruz\u2026<\/p>\n\n\n\n<p class=\"wp-block-paragraph\">Mais imposs\u00edvel se torna viver sem gra\u00e7a.<\/p>\n\n\n\n<p class=\"wp-block-paragraph\">\u2014<\/p>\n\n\n\n<h1 class=\"wp-block-heading\"><strong>REFLEX\u00c3O<\/strong><\/h1>\n\n\n\n<h4 class=\"wp-block-heading\"><strong>Todo verdadeiro perd\u00e3o nasce da cruz. N\u00e3o conseguimos oferecer gra\u00e7a ao outro enquanto n\u00e3o nos lembramos da gra\u00e7a que primeiro recebemos de Deus.<\/strong><\/h4>\n\n\n\n<p class=\"wp-block-paragraph\">\u2014<\/p>\n\n\n\n<h1 class=\"wp-block-heading\"><strong>PRINC\u00cdPIO DO DIA<\/strong><\/h1>\n\n\n\n<h4 class=\"wp-block-heading\"><strong>Perdoamos n\u00e3o porque o outro merece, mas porque Cristo nos amou quando n\u00f3s tamb\u00e9m n\u00e3o merec\u00edamos.<\/strong><\/h4>\n\n\n\n<p class=\"wp-block-paragraph\">\u2014<\/p>\n\n\n\n<h1 class=\"wp-block-heading\"><strong>SINAIS DE ALERTA<\/strong><\/h1>\n\n\n\n<h3 class=\"wp-block-heading\"><strong>Sinais de que esquecemos a gra\u00e7a que recebemos<\/strong><\/h3>\n\n\n\n<ul class=\"wp-block-list\">\n<li>Exigimos perfei\u00e7\u00e3o do outro.<\/li>\n\n\n\n<li>Condicionamos o perd\u00e3o ao comportamento do c\u00f4njuge.<\/li>\n\n\n\n<li>Julgamos com severidade os erros alheios.<\/li>\n\n\n\n<li>Temos facilidade para justificar nossas falhas e dificuldade para compreender as do outro.<\/li>\n\n\n\n<li>Esperamos que o outro d\u00ea sempre o primeiro passo.<\/li>\n\n\n\n<li>Falamos muito sobre justi\u00e7a e pouco sobre miseric\u00f3rdia.<\/li>\n\n\n\n<li>Perdemos o encanto pela cruz.<\/li>\n<\/ul>\n\n\n\n<p class=\"wp-block-paragraph\">\u2014<\/p>\n\n\n\n<h1 class=\"wp-block-heading\"><strong>PERGUNTAS PARA CONVERSAR<\/strong><\/h1>\n\n\n\n<ol class=\"wp-block-list\">\n<li><strong>Como lembrar diariamente do perd\u00e3o que recebi de Cristo transforma a maneira como trato voc\u00ea?<\/strong><\/li>\n\n\n\n<li><strong>Existe alguma \u00e1rea em que tenho exigido de voc\u00ea uma perfei\u00e7\u00e3o que Deus nunca exigiu de mim?<\/strong><\/li>\n\n\n\n<li><strong>O que a cruz nos ensina sobre tomar a iniciativa da reconcilia\u00e7\u00e3o dentro do casamento?<\/strong><\/li>\n<\/ol>\n\n\n\n<p class=\"wp-block-paragraph\">\u2014<\/p>\n\n\n\n<h1 class=\"wp-block-heading\"><strong>PR\u00c1TICA DO DIA<\/strong><\/h1>\n\n\n\n<p class=\"wp-block-paragraph\"><strong>O DESAFIO<\/strong><\/p>\n\n\n\n<p class=\"wp-block-paragraph\">Hoje, antes de conversarem sobre qualquer conflito, leiam juntos <strong>Romanos 5:6-11<\/strong>.<\/p>\n\n\n\n<p class=\"wp-block-paragraph\">Depois, cada um responder\u00e1 apenas uma pergunta:<\/p>\n\n\n\n<h4 class=\"wp-block-heading\"><strong>\u201cQual foi a maior demonstra\u00e7\u00e3o da gra\u00e7a de Deus que j\u00e1 experimentei na minha vida?\u201d<\/strong><\/h4>\n\n\n\n<p class=\"wp-block-paragraph\">Compartilhem essas hist\u00f3rias. Lembrem-se de onde Deus os tirou. Do que Ele os perdoou.<\/p>\n\n\n\n<p class=\"wp-block-paragraph\">Da paci\u00eancia que teve com voc\u00eas. Depois, fa\u00e7am uma ora\u00e7\u00e3o de gratid\u00e3o. N\u00e3o pe\u00e7am nada.<\/p>\n\n\n\n<p class=\"wp-block-paragraph\">Apenas agrade\u00e7am pela cruz.<\/p>\n\n\n\n<p class=\"wp-block-paragraph\">Porque cora\u00e7\u00f5es que se lembram da cruz tornam-se mais generosos para oferecer gra\u00e7a.<\/p>\n\n\n\n<h2 class=\"wp-block-heading\"><strong>EVITEM<\/strong><\/h2>\n\n\n\n<ul class=\"wp-block-list\">\n<li>Comparar a ofensa do c\u00f4njuge com a gra\u00e7a recebida de Deus.<\/li>\n\n\n\n<li>Esquecer de onde Cristo os resgatou.<\/li>\n\n\n\n<li>Esperar merecimento para oferecer perd\u00e3o.<\/li>\n\n\n\n<li>Transformar a justi\u00e7a em desculpa para endurecer o cora\u00e7\u00e3o.<\/li>\n\n\n\n<li>Contemplar mais a dor do que a cruz.<\/li>\n<\/ul>\n\n\n\n<h2 class=\"wp-block-heading\"><strong>RESULTADO ESPERADO<\/strong><\/h2>\n\n\n\n<p class=\"wp-block-paragraph\">Hoje voc\u00eas compreender\u00e3o que o fundamento do perd\u00e3o crist\u00e3o n\u00e3o \u00e9 o comportamento do outro, mas a iniciativa amorosa de Deus. Ao contemplarem novamente a cruz, descobrir\u00e3o que a gra\u00e7a recebida em Cristo \u00e9 a fonte de toda reconcilia\u00e7\u00e3o verdadeira.<\/p>\n\n\n\n<p class=\"wp-block-paragraph\">\u2014<\/p>\n\n\n\n<h1 class=\"wp-block-heading\"><strong>ORA\u00c7\u00c3O<\/strong><\/h1>\n\n\n\n<p class=\"wp-block-paragraph\">Pai, hoje nossos olhos se voltam para a cruz. Antes de olharmos para as ofensas que recebemos, queremos contemplar o perd\u00e3o que o Senhor nos concedeu em Cristo. Obrigado porque Tu nos amaste quando ainda est\u00e1vamos perdidos, porque vieste ao nosso encontro quando n\u00e3o pod\u00edamos chegar at\u00e9 Ti e porque abriste os bra\u00e7os quando merec\u00edamos condena\u00e7\u00e3o. Que jamais esque\u00e7amos a grandeza da Tua gra\u00e7a. Faz-nos amar como fomos amados, perdoar como fomos perdoados e estender miseric\u00f3rdia como recebemos miseric\u00f3rdia. Que a cruz seja sempre o centro do nosso casamento. Em nome de Jesus. Am\u00e9m.<\/p>\n\n\n\n<p class=\"wp-block-paragraph\">\u2014<\/p>\n\n\n\n<h1 class=\"wp-block-heading\"><strong>PARA MEMORIZAR<\/strong><strong><\/strong><\/h1>\n\n\n\n<h4 class=\"wp-block-heading\"><strong>\u201cSede uns para com os outros benignos, compassivos, perdoando-vos uns aos outros, como tamb\u00e9m Deus, em Cristo, vos perdoou.\u201d<\/strong><\/h4>\n\n\n\n<p class=\"wp-block-paragraph\"><strong>Ef\u00e9sios 4:32<\/strong><\/p>\n\n\n\n<p class=\"wp-block-paragraph\">\u2014<\/p>\n\n\n\n<h1 class=\"wp-block-heading\"><strong>DECLARA\u00c7\u00c3O DO DIA<\/strong><\/h1>\n\n\n\n<h4 class=\"wp-block-heading\"><strong>Hoje escolhemos olhar primeiro para a cruz. Reconhecemos que tudo o que somos e tudo o que podemos oferecer nasce da gra\u00e7a que recebemos em Cristo. Assim como Deus deu o primeiro passo em nossa dire\u00e7\u00e3o, tamb\u00e9m caminharemos em dire\u00e7\u00e3o um ao outro, permitindo que a cruz seja o fundamento da nossa reconcilia\u00e7\u00e3o e da nossa alian\u00e7a.<\/strong><\/h4>\n\n\n\n<p class=\"wp-block-paragraph\">\u2014<\/p>\n\n\n\n<h1 class=\"wp-block-heading\"><strong>RECONSTRUINDO NOSSA<\/strong><\/h1>\n\n\n\n<p class=\"wp-block-paragraph\"><strong>ALIAN\u00c7A<\/strong><\/p>\n\n\n\n<p class=\"wp-block-paragraph\"><strong>\u201cO casamento come\u00e7a a ser reconstru\u00eddo quando marido e esposa deixam de perguntar quem dar\u00e1 o primeiro passo e passam a contemplar Aquele que deu o primeiro passo por ambos. A cruz n\u00e3o apenas perdoou nossos pecados; ela redefiniu para sempre a maneira como devemos amar, servir e reconciliar-nos. Todo verdadeiro perd\u00e3o come\u00e7a aos p\u00e9s de Cristo.\u201d<\/strong><\/p>\n","protected":false},"excerpt":{"rendered":"<p>DEUS NOS PERDOOU PRIMEIRO \u201cO perd\u00e3o nunca come\u00e7ou no cora\u00e7\u00e3o do homem. Come\u00e7ou no cora\u00e7\u00e3o de Deus. Antes que d\u00e9ssemos um passo em Sua dire\u00e7\u00e3o, Ele j\u00e1 caminhava em nossa dire\u00e7\u00e3o com gra\u00e7a.\u201d \u2014 TEXTOS B\u00cdBLICOS Romanos 5:8 \u201cMas Deus prova o seu amor para conosco em que Cristo morreu por n\u00f3s, sendo n\u00f3s ainda [&hellip;]<\/p>\n","protected":false},"author":1,"featured_media":418,"comment_status":"open","ping_status":"open","sticky":false,"template":"","format":"standard","meta":{"footnotes":""},"categories":[12],"tags":[],"class_list":["post-417","post","type-post","status-publish","format-standard","has-post-thumbnail","hentry","category-31-dias-de-perdao-para-casais"],"_links":{"self":[{"href":"https:\/\/entrenosusa.com\/index.php?rest_route=\/wp\/v2\/posts\/417","targetHints":{"allow":["GET"]}}],"collection":[{"href":"https:\/\/entrenosusa.com\/index.php?rest_route=\/wp\/v2\/posts"}],"about":[{"href":"https:\/\/entrenosusa.com\/index.php?rest_route=\/wp\/v2\/types\/post"}],"author":[{"embeddable":true,"href":"https:\/\/entrenosusa.com\/index.php?rest_route=\/wp\/v2\/users\/1"}],"replies":[{"embeddable":true,"href":"https:\/\/entrenosusa.com\/index.php?rest_route=%2Fwp%2Fv2%2Fcomments&post=417"}],"version-history":[{"count":1,"href":"https:\/\/entrenosusa.com\/index.php?rest_route=\/wp\/v2\/posts\/417\/revisions"}],"predecessor-version":[{"id":419,"href":"https:\/\/entrenosusa.com\/index.php?rest_route=\/wp\/v2\/posts\/417\/revisions\/419"}],"wp:featuredmedia":[{"embeddable":true,"href":"https:\/\/entrenosusa.com\/index.php?rest_route=\/wp\/v2\/media\/418"}],"wp:attachment":[{"href":"https:\/\/entrenosusa.com\/index.php?rest_route=%2Fwp%2Fv2%2Fmedia&parent=417"}],"wp:term":[{"taxonomy":"category","embeddable":true,"href":"https:\/\/entrenosusa.com\/index.php?rest_route=%2Fwp%2Fv2%2Fcategories&post=417"},{"taxonomy":"post_tag","embeddable":true,"href":"https:\/\/entrenosusa.com\/index.php?rest_route=%2Fwp%2Fv2%2Ftags&post=417"}],"curies":[{"name":"wp","href":"https:\/\/api.w.org\/{rel}","templated":true}]}}