{"id":399,"date":"2026-08-25T13:12:11","date_gmt":"2026-08-25T13:12:11","guid":{"rendered":"https:\/\/entrenosusa.com\/?p=399"},"modified":"2026-08-25T16:19:58","modified_gmt":"2026-08-25T16:19:58","slug":"dia-4-2","status":"publish","type":"post","link":"https:\/\/entrenosusa.com\/?p=399","title":{"rendered":"DIA 4"},"content":{"rendered":"\n<h1 class=\"wp-block-heading\"><strong>O PESO DAS PALAVRAS<\/strong><\/h1>\n\n\n\n<h4 class=\"wp-block-heading\"><strong>\u201cAlgumas palavras s\u00e3o pronunciadas em poucos segundos, mas permanecem ecoando no cora\u00e7\u00e3o durante anos. O perd\u00e3o come\u00e7a quando decidimos impedir que essas vozes continuem governando nossa hist\u00f3ria.\u201d<\/strong><\/h4>\n\n\n\n<p class=\"wp-block-paragraph\">\u2014<\/p>\n\n\n\n<h1 class=\"wp-block-heading\"><strong>TEXTOS B\u00cdBLICOS<\/strong><\/h1>\n\n\n\n<h4 class=\"wp-block-heading\"><strong>Prov\u00e9rbios 18:21<\/strong><\/h4>\n\n\n\n<p class=\"wp-block-paragraph\"><em>\u201cA morte e a vida est\u00e3o no poder da l\u00edngua.\u201d<\/em><\/p>\n\n\n\n<h4 class=\"wp-block-heading\"><strong>Ef\u00e9sios 4:29<\/strong><\/h4>\n\n\n\n<p class=\"wp-block-paragraph\"><em>\u201cN\u00e3o saia da vossa boca nenhuma palavra torpe, e sim unicamente a que for boa para edifica\u00e7\u00e3o\u2026\u201d<\/em><\/p>\n\n\n\n<h4 class=\"wp-block-heading\"><strong>Tiago 3:5-10<\/strong><\/h4>\n\n\n\n<p class=\"wp-block-paragraph\"><strong>Isa\u00edas 50:4<\/strong><\/p>\n\n\n\n<p class=\"wp-block-paragraph\"><em>\u201cO Senhor Deus me deu l\u00edngua de eruditos, para que eu saiba dizer boa palavra ao cansado.\u201d<\/em><\/p>\n\n\n\n<p class=\"wp-block-paragraph\">\u2014<\/p>\n\n\n\n<h1 class=\"wp-block-heading\"><strong>MEDITA\u00c7\u00c3O<\/strong><\/h1>\n\n\n\n<p class=\"wp-block-paragraph\">Nem toda ferida sangra. Algumas falam.<\/p>\n\n\n\n<p class=\"wp-block-paragraph\">Falam todos os dias.<\/p>\n\n\n\n<p class=\"wp-block-paragraph\">Existem pessoas que ainda escutam frases ditas h\u00e1 vinte anos.<\/p>\n\n\n\n<p class=\"wp-block-paragraph\">Palavras que ningu\u00e9m mais se lembra.<\/p>\n\n\n\n<p class=\"wp-block-paragraph\">Mas que nunca deixaram de ecoar dentro da alma. Talvez tenha sido durante uma discuss\u00e3o.<\/p>\n\n\n\n<p class=\"wp-block-paragraph\">Talvez num momento de raiva. Talvez como uma \u201cbrincadeira\u201d. Talvez em voz baixa.<\/p>\n\n\n\n<p class=\"wp-block-paragraph\">Talvez diante dos filhos.<\/p>\n\n\n\n<p class=\"wp-block-paragraph\">Talvez diante de outras pessoas. A frase foi dita.<\/p>\n\n\n\n<p class=\"wp-block-paragraph\">A conversa terminou. Quem falou seguiu a vida.<\/p>\n\n\n\n<p class=\"wp-block-paragraph\">Mas quem ouviu continuou carregando aquelas palavras. Porque palavras t\u00eam um poder extraordin\u00e1rio.<\/p>\n\n\n\n<p class=\"wp-block-paragraph\">Elas atravessam os ouvidos. Entram no cora\u00e7\u00e3o.<\/p>\n\n\n\n<p class=\"wp-block-paragraph\">E, se n\u00e3o forem tratadas, passam a construir nossa identidade.<\/p>\n\n\n\n<p class=\"wp-block-paragraph\">\u00c9 por isso que Prov\u00e9rbios afirma que a morte e a vida est\u00e3o no poder da l\u00edngua.<\/p>\n\n\n\n<p class=\"wp-block-paragraph\">Palavras podem levantar algu\u00e9m.<\/p>\n\n\n\n<p class=\"wp-block-paragraph\">Mas tamb\u00e9m podem enterr\u00e1-lo emocionalmente. Infelizmente, muitos casamentos vivem debaixo desse peso. Um marido ainda se lembra do dia em que ouviu:<\/p>\n\n\n\n<h4 class=\"wp-block-heading\"><strong>\u201cVoc\u00ea nunca ser\u00e1 suficiente.\u201d<\/strong><\/h4>\n\n\n\n<p class=\"wp-block-paragraph\">Uma esposa nunca esqueceu quando escutou:<\/p>\n\n\n\n<h4 class=\"wp-block-heading\"><strong>\u201cVoc\u00ea mudou\u2026 j\u00e1 n\u00e3o \u00e9 a mulher por quem me apaixonei.\u201d<\/strong><\/h4>\n\n\n\n<p class=\"wp-block-paragraph\">Outros carregam cr\u00edticas constantes. Ironias.<\/p>\n\n\n\n<p class=\"wp-block-paragraph\">Compara\u00e7\u00f5es. Humilha\u00e7\u00f5es.<\/p>\n\n\n\n<p class=\"wp-block-paragraph\">E o mais triste\u2026<\/p>\n\n\n\n<p class=\"wp-block-paragraph\">\u00c0s vezes quem falou nem imagina a profundidade da ferida que produziu.<\/p>\n\n\n\n<p class=\"wp-block-paragraph\">Existe algo que precisamos compreender.<\/p>\n\n\n\n<p class=\"wp-block-paragraph\">As palavras n\u00e3o desaparecem quando o som termina. Elas continuam vivendo na mem\u00f3ria.<\/p>\n\n\n\n<p class=\"wp-block-paragraph\">E, muitas vezes, passam a interpretar toda a realidade.<\/p>\n\n\n\n<p class=\"wp-block-paragraph\">Uma esposa elogiada por dez pessoas pode continuar acreditando que n\u00e3o \u00e9 bonita porque ainda ouve, dentro de si, uma \u00fanica frase dita anos atr\u00e1s.<\/p>\n\n\n\n<p class=\"wp-block-paragraph\">Um marido pode receber reconhecimento no trabalho e, mesmo assim, sentir-se incapaz porque uma palavra de desprezo nunca foi curada.<\/p>\n\n\n\n<p class=\"wp-block-paragraph\">\u00c9 assim que o inimigo trabalha.<\/p>\n\n\n\n<p class=\"wp-block-paragraph\">Ele transforma palavras em fortalezas. E fortalezas em pris\u00f5es.<\/p>\n\n\n\n<p class=\"wp-block-paragraph\">Mas Deus trabalha de maneira diferente. Ele tamb\u00e9m usa palavras.<\/p>\n\n\n\n<p class=\"wp-block-paragraph\">Foi atrav\u00e9s da Sua Palavra que o universo foi criado.<\/p>\n\n\n\n<p class=\"wp-block-paragraph\">Foi atrav\u00e9s da Palavra que Jesus acalmou tempestades. Foi atrav\u00e9s da Palavra que mortos voltaram a viver.<\/p>\n\n\n\n<p class=\"wp-block-paragraph\">Foi atrav\u00e9s da Palavra que Deus disse sobre n\u00f3s:<\/p>\n\n\n\n<h4 class=\"wp-block-heading\"><strong>\u201cTu \u00e9s precioso aos meus olhos.\u201d<\/strong><\/h4>\n\n\n\n<p class=\"wp-block-paragraph\">Percebe a diferen\u00e7a?<\/p>\n\n\n\n<p class=\"wp-block-paragraph\">O inimigo usa palavras para aprisionar. Deus usa Sua Palavra para libertar.<\/p>\n\n\n\n<p class=\"wp-block-paragraph\">Talvez hoje Deus esteja perguntando algo muito profundo.<\/p>\n\n\n\n<h4 class=\"wp-block-heading\"><strong>\u201cQual voz continua definindo voc\u00ea?\u201d<\/strong><\/h4>\n\n\n\n<p class=\"wp-block-paragraph\">A voz da discuss\u00e3o? A voz da rejei\u00e7\u00e3o?<\/p>\n\n\n\n<p class=\"wp-block-paragraph\">A voz da humilha\u00e7\u00e3o? Ou a voz do Pai?<\/p>\n\n\n\n<p class=\"wp-block-paragraph\">Porque ningu\u00e9m consegue construir um casamento saud\u00e1vel enquanto continua vivendo prisioneiro das palavras do passado.<\/p>\n\n\n\n<p class=\"wp-block-paragraph\">Mas existe outro lado desta verdade. Talvez voc\u00ea n\u00e3o seja apenas quem ouviu. Talvez voc\u00ea seja quem falou.<\/p>\n\n\n\n<p class=\"wp-block-paragraph\">Quantas vezes pronunciamos frases que nunca poder\u00e3o ser retiradas.<\/p>\n\n\n\n<p class=\"wp-block-paragraph\">Pedimos perd\u00e3o. Somos perdoados.<\/p>\n\n\n\n<p class=\"wp-block-paragraph\">Mas sabemos que aquelas palavras deixaram marcas.<\/p>\n\n\n\n<p class=\"wp-block-paragraph\">\u00c9 exatamente por isso que Tiago compara a l\u00edngua ao fogo. Pequena.<\/p>\n\n\n\n<p class=\"wp-block-paragraph\">Mas capaz de incendiar uma floresta inteira.<\/p>\n\n\n\n<p class=\"wp-block-paragraph\">O Evangelho, por\u00e9m, oferece esperan\u00e7a para os dois lados. Para quem feriu.<\/p>\n\n\n\n<p class=\"wp-block-paragraph\">E para quem foi ferido.<\/p>\n\n\n\n<p class=\"wp-block-paragraph\">Cristo pode ensinar nossa boca a aben\u00e7oar.<\/p>\n\n\n\n<p class=\"wp-block-paragraph\">E pode curar o cora\u00e7\u00e3o que ainda sangra por causa de palavras antigas.<\/p>\n\n\n\n<p class=\"wp-block-paragraph\">Talvez hoje seja o dia de substituir uma voz pela outra. Parar de repetir aquilo que um dia disseram sobre voc\u00ea. E come\u00e7ar a repetir aquilo que Deus declara sobre voc\u00ea.<\/p>\n\n\n\n<p class=\"wp-block-paragraph\">Porque a \u00faltima palavra sobre a sua identidade nunca pertence \u00e0s pessoas.<\/p>\n\n\n\n<p class=\"wp-block-paragraph\">Pertence ao Senhor.<\/p>\n\n\n\n<p class=\"wp-block-paragraph\">E quando a Palavra de Deus se torna maior do que as palavras que nos feriram\u2026<\/p>\n\n\n\n<p class=\"wp-block-paragraph\">A alma finalmente encontra descanso.<\/p>\n\n\n\n<p class=\"wp-block-paragraph\">\u2014<\/p>\n\n\n\n<h1 class=\"wp-block-heading\"><strong>REFLEX\u00c3O<\/strong><\/h1>\n\n\n\n<h4 class=\"wp-block-heading\"><strong>As palavras podem produzir feridas profundas, mas a Palavra de Deus possui poder para restaurar aquilo que anos de cr\u00edticas, rejei\u00e7\u00f5es e ofensas tentaram destruir.<\/strong><\/h4>\n\n\n\n<p class=\"wp-block-paragraph\">\u2014<\/p>\n\n\n\n<h1 class=\"wp-block-heading\"><strong>PRINC\u00cdPIO DO DIA<\/strong><\/h1>\n\n\n\n<h4 class=\"wp-block-heading\"><strong>Quem permite que a voz de Deus seja maior do que as vozes do passado encontra liberdade para perdoar e recome\u00e7ar.<\/strong><\/h4>\n\n\n\n<p class=\"wp-block-paragraph\">\u2014<\/p>\n\n\n\n<h1 class=\"wp-block-heading\"><strong>SINAIS DE ALERTA<\/strong><\/h1>\n\n\n\n<h3 class=\"wp-block-heading\"><strong>Sinais de que palavras antigas ainda governam nosso cora\u00e7\u00e3o<\/strong><\/h3>\n\n\n\n<ul class=\"wp-block-list\">\n<li>Revivemos frases ditas h\u00e1 muito tempo.<\/li>\n\n\n\n<li>Temos dificuldade em acreditar em elogios.<\/li>\n\n\n\n<li>Sentimo-nos diminu\u00eddos com facilidade.<\/li>\n\n\n\n<li>Reagimos exageradamente a pequenas cr\u00edticas.<\/li>\n\n\n\n<li>Usamos palavras duras durante discuss\u00f5es.<\/li>\n\n\n\n<li>Fazemos ironias que machucam.<\/li>\n\n\n\n<li>Nossa comunica\u00e7\u00e3o produz mais medo do que seguran\u00e7a.<\/li>\n<\/ul>\n\n\n\n<p class=\"wp-block-paragraph\">\u2014<\/p>\n\n\n\n<h1 class=\"wp-block-heading\"><strong>PERGUNTAS PARA CONVERSAR<\/strong><\/h1>\n\n\n\n<ol class=\"wp-block-list\">\n<li><strong>Existe alguma palavra que ouvi de voc\u00ea e que ainda permanece viva dentro do meu cora\u00e7\u00e3o?<\/strong><\/li>\n\n\n\n<li><strong>Existe alguma frase que eu disse e pela qual preciso pedir perd\u00e3o de forma sincera?<\/strong><\/li>\n\n\n\n<li><strong>Como podemos fazer da nossa casa um lugar onde palavras curem, fortale\u00e7am e aproximem, em vez de ferirem?<\/strong><\/li>\n<\/ol>\n\n\n\n<p class=\"wp-block-paragraph\">\u2014<\/p>\n\n\n\n<h1 class=\"wp-block-heading\"><strong>PR\u00c1TICA DO DIA<\/strong><\/h1>\n\n\n\n<p class=\"wp-block-paragraph\"><strong>O DESAFIO<\/strong><\/p>\n\n\n\n<p class=\"wp-block-paragraph\">Hoje cada um escrever\u00e1 duas listas. Na primeira:<\/p>\n\n\n\n<h4 class=\"wp-block-heading\"><strong>\u201cPalavras que me feriram e que preciso entregar a Deus.\u201d<\/strong><\/h4>\n\n\n\n<p class=\"wp-block-paragraph\">Na segunda:<\/p>\n\n\n\n<h4 class=\"wp-block-heading\"><strong>\u201cPalavras que desejo ouvir mais de voc\u00ea.\u201d<\/strong><\/h4>\n\n\n\n<p class=\"wp-block-paragraph\">Depois, rasguem a primeira lista como s\u00edmbolo de que essas vozes n\u00e3o definir\u00e3o mais a identidade de voc\u00eas.<\/p>\n\n\n\n<p class=\"wp-block-paragraph\">Guardem a segunda.<\/p>\n\n\n\n<p class=\"wp-block-paragraph\">Comprometam-se a transformar essas palavras em h\u00e1bito dentro do casamento.<\/p>\n\n\n\n<p class=\"wp-block-paragraph\">Terminem impondo as m\u00e3os um sobre o outro e declarando, em voz alta, promessas da Palavra de Deus.<\/p>\n\n\n\n<p class=\"wp-block-paragraph\">Que a \u00faltima voz ouvida hoje seja a voz do Pai.<\/p>\n\n\n\n<h2 class=\"wp-block-heading\"><strong>EVITEM<\/strong><\/h2>\n\n\n\n<ul class=\"wp-block-list\">\n<li>Repetir palavras ofensivas durante discuss\u00f5es.<\/li>\n\n\n\n<li>Usar sarcasmo para ferir.<\/li>\n\n\n\n<li>Humilhar o outro diante de terceiros.<\/li>\n\n\n\n<li>Acreditar mais nas cr\u00edticas do que nas promessas de Deus.<\/li>\n\n\n\n<li>Guardar sil\u00eancio quando o outro precisa de encorajamento.<\/li>\n<\/ul>\n\n\n\n<h2 class=\"wp-block-heading\"><strong>RESULTADO ESPERADO<\/strong><\/h2>\n\n\n\n<p class=\"wp-block-paragraph\">Hoje voc\u00eas compreender\u00e3o que palavras podem marcar profundamente um casamento, mas tamb\u00e9m descobrir\u00e3o que<\/p>\n\n\n\n<p class=\"wp-block-paragraph\">a Palavra de Deus \u00e9 poderosa para restaurar identidades, curar mem\u00f3rias e transformar a maneira como marido e esposa falam um com o outro.<\/p>\n\n\n\n<p class=\"wp-block-paragraph\">\u2014<\/p>\n\n\n\n<h1 class=\"wp-block-heading\"><strong>ORA\u00c7\u00c3O<\/strong><\/h1>\n\n\n\n<p class=\"wp-block-paragraph\">Pai, Tu conheces todas as palavras que nos machucaram e tamb\u00e9m aquelas que pronunciamos sem medir suas consequ\u00eancias. Pedimos perd\u00e3o pelas vezes em que nossa l\u00edngua feriu quem deveria ser acolhido pelo nosso amor. E entregamos diante de Ti toda lembran\u00e7a que ainda produz dor em nosso cora\u00e7\u00e3o. Que a Tua Palavra seja maior do que qualquer ofensa, maior do que qualquer cr\u00edtica e maior do que qualquer voz que tentou definir quem somos. Ensina-nos a falar como Cristo falava: com verdade, gra\u00e7a, amor e poder para restaurar. Que nossa casa seja um lugar onde vidas sejam edificadas por palavras que refletem o Teu cora\u00e7\u00e3o.<\/p>\n\n\n\n<p class=\"wp-block-paragraph\">Em nome de Jesus. Am\u00e9m.<\/p>\n\n\n\n<p class=\"wp-block-paragraph\">\u2014<\/p>\n\n\n\n<h1 class=\"wp-block-heading\"><strong>PARA MEMORIZAR<\/strong><\/h1>\n\n\n\n<h4 class=\"wp-block-heading\"><strong>\u201cA morte e a vida est\u00e3o no poder da l\u00edngua.\u201d Prov\u00e9rbios 18:21<\/strong><\/h4>\n\n\n\n<p class=\"wp-block-paragraph\">\u2014<strong><\/strong><\/p>\n\n\n\n<h1 class=\"wp-block-heading\"><strong>DECLARA\u00c7\u00c3O DO DIA<\/strong><\/h1>\n\n\n\n<h4 class=\"wp-block-heading\"><strong>Hoje escolhemos romper com toda palavra que produziu morte em nosso relacionamento. Recebemos a verdade da Palavra de Deus sobre nossa identidade e decidimos usar nossa boca para aben\u00e7oar, encorajar, restaurar e comunicar o amor de Cristo todos os dias.<\/strong><\/h4>\n\n\n\n<p class=\"wp-block-paragraph\">\u2014<\/p>\n\n\n\n<h1 class=\"wp-block-heading\"><strong>RECONSTRUINDO NOSSA<\/strong><\/h1>\n\n\n\n<p class=\"wp-block-paragraph\"><strong>ALIAN\u00c7A<\/strong><\/p>\n\n\n\n<p class=\"wp-block-paragraph\"><strong>\u201cUma palavra pode ferir um cora\u00e7\u00e3o por muitos anos. Mas uma \u00fanica Palavra de Deus \u00e9 capaz de restaurar uma vida inteira. Casamentos s\u00e3o reconstru\u00eddos quando a voz da gra\u00e7a finalmente fala mais alto do que a voz da dor.\u201d<\/strong><\/p>\n","protected":false},"excerpt":{"rendered":"<p>O PESO DAS PALAVRAS \u201cAlgumas palavras s\u00e3o pronunciadas em poucos segundos, mas permanecem ecoando no cora\u00e7\u00e3o durante anos. O perd\u00e3o come\u00e7a quando decidimos impedir que essas vozes continuem governando nossa hist\u00f3ria.\u201d \u2014 TEXTOS B\u00cdBLICOS Prov\u00e9rbios 18:21 \u201cA morte e a vida est\u00e3o no poder da l\u00edngua.\u201d Ef\u00e9sios 4:29 \u201cN\u00e3o saia da vossa boca nenhuma palavra [&hellip;]<\/p>\n","protected":false},"author":1,"featured_media":400,"comment_status":"open","ping_status":"open","sticky":false,"template":"","format":"standard","meta":{"footnotes":""},"categories":[12],"tags":[],"class_list":["post-399","post","type-post","status-publish","format-standard","has-post-thumbnail","hentry","category-31-dias-de-perdao-para-casais"],"_links":{"self":[{"href":"https:\/\/entrenosusa.com\/index.php?rest_route=\/wp\/v2\/posts\/399","targetHints":{"allow":["GET"]}}],"collection":[{"href":"https:\/\/entrenosusa.com\/index.php?rest_route=\/wp\/v2\/posts"}],"about":[{"href":"https:\/\/entrenosusa.com\/index.php?rest_route=\/wp\/v2\/types\/post"}],"author":[{"embeddable":true,"href":"https:\/\/entrenosusa.com\/index.php?rest_route=\/wp\/v2\/users\/1"}],"replies":[{"embeddable":true,"href":"https:\/\/entrenosusa.com\/index.php?rest_route=%2Fwp%2Fv2%2Fcomments&post=399"}],"version-history":[{"count":1,"href":"https:\/\/entrenosusa.com\/index.php?rest_route=\/wp\/v2\/posts\/399\/revisions"}],"predecessor-version":[{"id":401,"href":"https:\/\/entrenosusa.com\/index.php?rest_route=\/wp\/v2\/posts\/399\/revisions\/401"}],"wp:featuredmedia":[{"embeddable":true,"href":"https:\/\/entrenosusa.com\/index.php?rest_route=\/wp\/v2\/media\/400"}],"wp:attachment":[{"href":"https:\/\/entrenosusa.com\/index.php?rest_route=%2Fwp%2Fv2%2Fmedia&parent=399"}],"wp:term":[{"taxonomy":"category","embeddable":true,"href":"https:\/\/entrenosusa.com\/index.php?rest_route=%2Fwp%2Fv2%2Fcategories&post=399"},{"taxonomy":"post_tag","embeddable":true,"href":"https:\/\/entrenosusa.com\/index.php?rest_route=%2Fwp%2Fv2%2Ftags&post=399"}],"curies":[{"name":"wp","href":"https:\/\/api.w.org\/{rel}","templated":true}]}}