{"id":351,"date":"2026-08-24T23:03:02","date_gmt":"2026-08-24T23:03:02","guid":{"rendered":"https:\/\/entrenosusa.com\/?p=351"},"modified":"2026-08-25T13:01:39","modified_gmt":"2026-08-25T13:01:39","slug":"dia-19","status":"publish","type":"post","link":"https:\/\/entrenosusa.com\/?p=351","title":{"rendered":"DIA 19"},"content":{"rendered":"\n<p class=\"wp-block-paragraph\"><strong>COMO DEUS V\u00ca NOSSO CORPO<\/strong><\/p>\n\n\n\n<h4 class=\"wp-block-heading\"><strong>\u201cNunca conseguiremos honrar verdadeiramente o corpo do nosso c\u00f4njuge enquanto n\u00e3o enxergarmos o nosso pr\u00f3prio corpo com os olhos do Criador.\u201d<\/strong><\/h4>\n\n\n\n<p class=\"wp-block-paragraph\">\u2014<\/p>\n\n\n\n<h1 class=\"wp-block-heading\"><strong>TEXTOS B\u00cdBLICOS<\/strong><\/h1>\n\n\n\n<h4 class=\"wp-block-heading\"><strong>Salmo 139:13-14<\/strong><\/h4>\n\n\n\n<p class=\"wp-block-paragraph\"><em>\u201cPois tu formaste o meu interior; tu me teceste no ventre de minha m\u00e3e. Eu te louvo porque me fizeste de modo especial e admir\u00e1vel; maravilhosas s\u00e3o as tuas obras, e a minha alma o sabe muito bem.\u201d<\/em><\/p>\n\n\n\n<p class=\"wp-block-paragraph\"><strong>G\u00eanesis 1:27<\/strong><\/p>\n\n\n\n<p class=\"wp-block-paragraph\"><strong>1 Cor\u00edntios 6:19-20<\/strong><\/p>\n\n\n\n<p class=\"wp-block-paragraph\"><strong>Isa\u00edas 43:4<\/strong><\/p>\n\n\n\n<p class=\"wp-block-paragraph\"><em>\u201cVisto que foste precioso aos meus olhos, digno de honra, e eu te amei\u2026\u201d<\/em><\/p>\n\n\n\n<p class=\"wp-block-paragraph\">\u2014<\/p>\n\n\n\n<h1 class=\"wp-block-heading\"><strong>MEDITA\u00c7\u00c3O<\/strong><\/h1>\n\n\n\n<p class=\"wp-block-paragraph\">Talvez uma das maiores batalhas desta gera\u00e7\u00e3o n\u00e3o aconte\u00e7a diante das outras pessoas.<\/p>\n\n\n\n<p class=\"wp-block-paragraph\">Aconte\u00e7a diante do espelho. Vivemos olhando para n\u00f3s mesmos.<\/p>\n\n\n\n<p class=\"wp-block-paragraph\">Mas raramente nos enxergamos como Deus nos v\u00ea. Sempre existe algo que gostar\u00edamos de mudar.<\/p>\n\n\n\n<p class=\"wp-block-paragraph\">O peso.<\/p>\n\n\n\n<p class=\"wp-block-paragraph\">A altura.<\/p>\n\n\n\n<p class=\"wp-block-paragraph\">As marcas do tempo. As cicatrizes.<\/p>\n\n\n\n<p class=\"wp-block-paragraph\">As estrias. Os cabelos. As rugas.<\/p>\n\n\n\n<p class=\"wp-block-paragraph\">A pele.<\/p>\n\n\n\n<p class=\"wp-block-paragraph\">Os m\u00fasculos.<\/p>\n\n\n\n<p class=\"wp-block-paragraph\">As imperfei\u00e7\u00f5es.<\/p>\n\n\n\n<p class=\"wp-block-paragraph\">A sociedade criou uma imagem quase imposs\u00edvel de alcan\u00e7ar.<\/p>\n\n\n\n<p class=\"wp-block-paragraph\">E, sem perceber, come\u00e7amos a acreditar que nosso valor depende daquilo que vemos refletido no espelho.<\/p>\n\n\n\n<p class=\"wp-block-paragraph\">Essa mentira tem destru\u00eddo muitos cora\u00e7\u00f5es. E, consequentemente, muitos casamentos.<\/p>\n\n\n\n<p class=\"wp-block-paragraph\">Porque quem rejeita o pr\u00f3prio corpo encontra dificuldade para entreg\u00e1-lo com liberdade.<\/p>\n\n\n\n<p class=\"wp-block-paragraph\">Quem vive em guerra consigo mesmo quase sempre levar\u00e1 essa guerra para dentro da intimidade conjugal.<\/p>\n\n\n\n<p class=\"wp-block-paragraph\">Existe uma pergunta que poucos fazem:<\/p>\n\n\n\n<h4 class=\"wp-block-heading\"><strong>\u201cQuando Deus olha para mim, Ele enxerga os mesmos defeitos que eu enxergo?\u201d<\/strong><\/h4>\n\n\n\n<p class=\"wp-block-paragraph\">A resposta \u00e9 n\u00e3o.<\/p>\n\n\n\n<p class=\"wp-block-paragraph\">Quando Deus criou o ser humano, o texto de G\u00eanesis n\u00e3o diz apenas que Ele criou.<\/p>\n\n\n\n<p class=\"wp-block-paragraph\">Diz que criou <strong>\u00e0 Sua imagem<\/strong>.<\/p>\n\n\n\n<p class=\"wp-block-paragraph\">Isso significa que o corpo humano possui dignidade antes mesmo de possuir apar\u00eancia.<\/p>\n\n\n\n<p class=\"wp-block-paragraph\">Nosso valor nunca foi definido pela est\u00e9tica. Foi definido pelo Criador.<\/p>\n\n\n\n<p class=\"wp-block-paragraph\">O Salmo 139 vai ainda mais longe. Davi declara:<\/p>\n\n\n\n<h4 class=\"wp-block-heading\"><strong>\u201cEu fui formado de modo especial e admir\u00e1vel.\u201d<\/strong><\/h4>\n\n\n\n<p class=\"wp-block-paragraph\">Perceba.<\/p>\n\n\n\n<p class=\"wp-block-paragraph\">Ele n\u00e3o est\u00e1 elogiando a pr\u00f3pria beleza. Est\u00e1 adorando Aquele que o formou.<\/p>\n\n\n\n<p class=\"wp-block-paragraph\">Existe uma enorme diferen\u00e7a. O orgulho diz:<\/p>\n\n\n\n<h4 class=\"wp-block-heading\"><strong>\u201cOlhem para mim.\u201d<\/strong><\/h4>\n\n\n\n<p class=\"wp-block-paragraph\">A gratid\u00e3o diz:<\/p>\n\n\n\n<h4 class=\"wp-block-heading\"><strong>\u201cOlhem para o Deus que me criou.\u201d<\/strong><\/h4>\n\n\n\n<p class=\"wp-block-paragraph\">Talvez o problema nunca tenha sido seu corpo.<\/p>\n\n\n\n<p class=\"wp-block-paragraph\">Talvez tenha sido a maneira como voc\u00ea aprendeu a olhar para ele.<\/p>\n\n\n\n<p class=\"wp-block-paragraph\">Muitos cresceram ouvindo cr\u00edticas. Compara\u00e7\u00f5es.<\/p>\n\n\n\n<p class=\"wp-block-paragraph\">Apelidos.<\/p>\n\n\n\n<p class=\"wp-block-paragraph\">Coment\u00e1rios que pareciam brincadeiras. Mas deixaram marcas profundas.<\/p>\n\n\n\n<p class=\"wp-block-paragraph\">Outros passaram anos sendo comparados a padr\u00f5es irreais. At\u00e9 que come\u00e7aram a acreditar que nunca seriam suficientes.<\/p>\n\n\n\n<p class=\"wp-block-paragraph\">Essas vozes continuam ecoando mesmo depois do casamento.<\/p>\n\n\n\n<p class=\"wp-block-paragraph\">A esposa pensa:<\/p>\n\n\n\n<h4 class=\"wp-block-heading\"><strong>\u201cEle n\u00e3o deve mais me achar bonita.\u201d<\/strong><\/h4>\n\n\n\n<p class=\"wp-block-paragraph\">O marido pensa:<\/p>\n\n\n\n<h4 class=\"wp-block-heading\"><strong>\u201cEla deve se decepcionar comigo.\u201d<\/strong><\/h4>\n\n\n\n<p class=\"wp-block-paragraph\">Sem perceber, ambos come\u00e7am a esconder aquilo que Deus nunca pediu que fosse escondido.<\/p>\n\n\n\n<p class=\"wp-block-paragraph\">Mas Cristo veio justamente para restaurar aquilo que o pecado deformou.<\/p>\n\n\n\n<p class=\"wp-block-paragraph\">Inclusive nossa identidade.<\/p>\n\n\n\n<p class=\"wp-block-paragraph\">Quando olhamos para a cruz, descobrimos algo extraordin\u00e1rio.<\/p>\n\n\n\n<p class=\"wp-block-paragraph\">Jesus entregou Seu corpo por n\u00f3s.<\/p>\n\n\n\n<p class=\"wp-block-paragraph\">Isso significa que Deus atribuiu um valor t\u00e3o grande ao ser humano que entregou Seu Filho para nos redimir.<\/p>\n\n\n\n<p class=\"wp-block-paragraph\">Como, ent\u00e3o, poder\u00edamos chamar de desprez\u00edvel aquilo que Deus considerou digno de reden\u00e7\u00e3o?<\/p>\n\n\n\n<p class=\"wp-block-paragraph\">Nosso corpo envelhece. Muda.<\/p>\n\n\n\n<p class=\"wp-block-paragraph\">Perde for\u00e7a. Ganha marcas.<\/p>\n\n\n\n<p class=\"wp-block-paragraph\">Mas nunca perde dignidade. As rugas contam hist\u00f3rias.<\/p>\n\n\n\n<p class=\"wp-block-paragraph\">As cicatrizes revelam batalhas.<\/p>\n\n\n\n<p class=\"wp-block-paragraph\">As marcas de uma gesta\u00e7\u00e3o testemunham milagres.<\/p>\n\n\n\n<p class=\"wp-block-paragraph\">As m\u00e3os envelhecidas falam de anos de trabalho, cuidado e amor.<\/p>\n\n\n\n<p class=\"wp-block-paragraph\">Deus nunca chamou essas marcas de defeitos.<\/p>\n\n\n\n<p class=\"wp-block-paragraph\">N\u00f3s \u00e9 que aprendemos a cham\u00e1-las assim. Talvez esteja na hora de desaprender.<\/p>\n\n\n\n<p class=\"wp-block-paragraph\">Porque existe uma beleza que a juventude nunca consegue produzir.<\/p>\n\n\n\n<p class=\"wp-block-paragraph\">A beleza de uma vida constru\u00edda. De uma fidelidade vivida.<\/p>\n\n\n\n<p class=\"wp-block-paragraph\">De um casamento perseverante.<\/p>\n\n\n\n<p class=\"wp-block-paragraph\">De um amor que atravessou esta\u00e7\u00f5es. Essa beleza n\u00e3o aparece nas revistas. Mas encanta o cora\u00e7\u00e3o de Deus.<\/p>\n\n\n\n<p class=\"wp-block-paragraph\">Talvez hoje o Senhor esteja perguntando:<\/p>\n\n\n\n<h4 class=\"wp-block-heading\"><strong>\u201cVoc\u00ea consegue agradecer pelo corpo que Eu lhe dei?\u201d<\/strong><\/h4>\n\n\n\n<p class=\"wp-block-paragraph\">N\u00e3o porque ele seja perfeito.<\/p>\n\n\n\n<p class=\"wp-block-paragraph\">Mas porque foi cuidadosamente criado por Mim.<\/p>\n\n\n\n<p class=\"wp-block-paragraph\">Quando aprendemos a enxergar nosso corpo pela perspectiva do Criador\u2026<\/p>\n\n\n\n<p class=\"wp-block-paragraph\">Tamb\u00e9m come\u00e7amos a olhar o corpo do nosso c\u00f4njuge de maneira diferente.<\/p>\n\n\n\n<p class=\"wp-block-paragraph\">Deixamos de compar\u00e1-lo. De critic\u00e1-lo.<\/p>\n\n\n\n<p class=\"wp-block-paragraph\">De exigir padr\u00f5es imposs\u00edveis.<\/p>\n\n\n\n<p class=\"wp-block-paragraph\">E passamos a contempl\u00e1-lo como uma obra preciosa das m\u00e3os de Deus.<\/p>\n\n\n\n<p class=\"wp-block-paragraph\">\u00c9 exatamente isso que prepara o cora\u00e7\u00e3o para a pr\u00f3xima etapa da nossa jornada.<\/p>\n\n\n\n<p class=\"wp-block-paragraph\">Porque ningu\u00e9m honra aquilo que despreza.<\/p>\n\n\n\n<p class=\"wp-block-paragraph\">Mas quem aprende a enxergar com os olhos do Pai\u2026 Descobre que o corpo nunca foi um objeto.<\/p>\n\n\n\n<p class=\"wp-block-paragraph\">Sempre foi um presente.<\/p>\n\n\n\n<p class=\"wp-block-paragraph\">\u2014<\/p>\n\n\n\n<h1 class=\"wp-block-heading\"><strong>REFLEX\u00c3O<\/strong><\/h1>\n\n\n\n<h4 class=\"wp-block-heading\"><strong>A forma como enxergamos nosso corpo influencia profundamente a maneira como vivemos a intimidade. Quando Deus restaura nossa identidade, tamb\u00e9m restaura nossa liberdade para amar.<\/strong><\/h4>\n\n\n\n<p class=\"wp-block-paragraph\">\u2014<\/p>\n\n\n\n<h1 class=\"wp-block-heading\"><strong>PRINC\u00cdPIO DO DIA<\/strong><\/h1>\n\n\n\n<h4 class=\"wp-block-heading\"><strong>O corpo n\u00e3o \u00e9 definido pela cultura. \u00c9 definido pelo Criador que o formou com prop\u00f3sito, dignidade e amor.<\/strong><\/h4>\n\n\n\n<p class=\"wp-block-paragraph\">\u2014<strong><\/strong><\/p>\n\n\n\n<h1 class=\"wp-block-heading\"><strong>SINAIS DE ALERTA<\/strong><\/h1>\n\n\n\n<h3 class=\"wp-block-heading\"><strong>Sinais de que n\u00e3o estamos vendo nosso corpo como Deus o v\u00ea<\/strong><\/h3>\n\n\n\n<ul class=\"wp-block-list\">\n<li>Sentimos vergonha constante da nossa apar\u00eancia.<\/li>\n\n\n\n<li>Fazemos compara\u00e7\u00f5es frequentes.<\/li>\n\n\n\n<li>Temos dificuldade em receber elogios.<\/li>\n\n\n\n<li>Acreditamos que nosso valor depende da est\u00e9tica.<\/li>\n\n\n\n<li>As cr\u00edticas do passado ainda controlam nossa autoestima.<\/li>\n\n\n\n<li>Evitamos a intimidade por inseguran\u00e7a com o pr\u00f3prio corpo.<\/li>\n\n\n\n<li>Esquecemos que fomos criados \u00e0 imagem de Deus.<\/li>\n<\/ul>\n\n\n\n<p class=\"wp-block-paragraph\">\u2014<\/p>\n\n\n\n<h1 class=\"wp-block-heading\"><strong>PERGUNTAS PARA CONVERSAR<\/strong><\/h1>\n\n\n\n<ol class=\"wp-block-list\">\n<li><strong>Existe alguma inseguran\u00e7a em rela\u00e7\u00e3o ao meu corpo que ainda influencia nosso casamento?<\/strong><\/li>\n\n\n\n<li><strong>Que palavras suas fazem eu me sentir amado(a), bonito(a) e valorizado(a)?<\/strong><\/li>\n\n\n\n<li><strong>Como podemos aprender a olhar um para o outro com os mesmos olhos de gra\u00e7a e dignidade com que Deus nos olha?<\/strong><\/li>\n<\/ol>\n\n\n\n<p class=\"wp-block-paragraph\">\u2014<\/p>\n\n\n\n<h1 class=\"wp-block-heading\"><strong>PR\u00c1TICA DO DIA<\/strong><\/h1>\n\n\n\n<p class=\"wp-block-paragraph\"><strong>O DESAFIO<\/strong><\/p>\n\n\n\n<p class=\"wp-block-paragraph\">Hoje fa\u00e7am um exerc\u00edcio de honra.<\/p>\n\n\n\n<p class=\"wp-block-paragraph\">Olhem um para o outro e, durante alguns minutos, digam caracter\u00edsticas que voc\u00eas admiram \u2014 n\u00e3o apenas f\u00edsicas, mas tamb\u00e9m aquilo que o corpo do outro representa.<\/p>\n\n\n\n<p class=\"wp-block-paragraph\">Por exemplo:<\/p>\n\n\n\n<p class=\"wp-block-paragraph\"><em>\u201cEssas m\u00e3os cuidaram da nossa fam\u00edlia.\u201d \u201cSeus olhos transmitem paz.\u201d<\/em><\/p>\n\n\n\n<p class=\"wp-block-paragraph\"><em>\u201cSeu sorriso continua alegrando meu cora\u00e7\u00e3o.\u201d \u201cSeu corpo conta a hist\u00f3ria da nossa caminhada.\u201d<\/em><\/p>\n\n\n\n<p class=\"wp-block-paragraph\">Depois agrade\u00e7am juntos a Deus pelo corpo que Ele lhes deu e pelo privil\u00e9gio de caminharem lado a lado.<\/p>\n\n\n\n<h2 class=\"wp-block-heading\"><strong>EVITEM<\/strong><\/h2>\n\n\n\n<ul class=\"wp-block-list\">\n<li>Compara\u00e7\u00f5es com outras pessoas.<\/li>\n\n\n\n<li>Coment\u00e1rios ir\u00f4nicos sobre apar\u00eancia.<\/li>\n\n\n\n<li>Autodeprecia\u00e7\u00e3o.<\/li>\n\n\n\n<li>Valorizar apenas a est\u00e9tica.<\/li>\n\n\n\n<li>Repetir palavras negativas sobre si mesmo.<\/li>\n<\/ul>\n\n\n\n<h2 class=\"wp-block-heading\"><strong>RESULTADO ESPERADO<\/strong><\/h2>\n\n\n\n<p class=\"wp-block-paragraph\">Hoje voc\u00eas descobrir\u00e3o que a verdadeira beleza nasce quando aprendemos a contemplar a n\u00f3s mesmos e ao nosso c\u00f4njuge pela perspectiva do Criador, e n\u00e3o pelos padr\u00f5es passageiros da cultura.<\/p>\n\n\n\n<p class=\"wp-block-paragraph\">\u2014<\/p>\n\n\n\n<h1 class=\"wp-block-heading\"><strong>ORA\u00c7\u00c3O<\/strong><\/h1>\n\n\n\n<p class=\"wp-block-paragraph\">Pai, obrigado porque fomos criados pelas Tuas m\u00e3os, de forma especial e admir\u00e1vel. Perdoa-nos pelas vezes em que desprezamos aquilo que o Senhor chamou de bom. Cura toda compara\u00e7\u00e3o, toda vergonha e toda mentira que deformou nossa identidade. Ensina-nos a olhar para nosso corpo e para o corpo do nosso c\u00f4njuge com honra, respeito e gratid\u00e3o.<\/p>\n\n\n\n<p class=\"wp-block-paragraph\">Que nunca permitamos que a cultura determine nosso valor, mas que encontremos nossa identidade no Teu amor. Em nome de Jesus. Am\u00e9m.<\/p>\n\n\n\n<p class=\"wp-block-paragraph\">\u2014<\/p>\n\n\n\n<h1 class=\"wp-block-heading\"><strong>PARA MEMORIZAR<\/strong><\/h1>\n\n\n\n<h4 class=\"wp-block-heading\"><strong>\u201cEu te louvo porque me fizeste de modo especial e admir\u00e1vel; maravilhosas s\u00e3o as tuas obras.\u201d<\/strong><\/h4>\n\n\n\n<p class=\"wp-block-paragraph\"><strong>Salmo 139:14<\/strong><strong><\/strong><\/p>\n\n\n\n<p class=\"wp-block-paragraph\">\u2014<\/p>\n\n\n\n<h1 class=\"wp-block-heading\"><strong>DECLARA\u00c7\u00c3O DO DIA<\/strong><\/h1>\n\n\n\n<h4 class=\"wp-block-heading\"><strong>Hoje escolhemos rejeitar toda mentira sobre nossa identidade. Somos obra das m\u00e3os de Deus, criados com dignidade, prop\u00f3sito e amor. Olharemos para n\u00f3s mesmos e para nosso c\u00f4njuge com gratid\u00e3o, honra e os olhos do Criador.<\/strong><\/h4>\n\n\n\n<p class=\"wp-block-paragraph\">\u2014<\/p>\n\n\n\n<h1 class=\"wp-block-heading\"><strong>CONSTRUINDO NOSSA<\/strong><\/h1>\n\n\n\n<p class=\"wp-block-paragraph\"><strong>INTIMIDADE<\/strong><\/p>\n\n\n\n<p class=\"wp-block-paragraph\"><strong>\u201cA intimidade floresce quando deixamos de enxergar o corpo como motivo de compara\u00e7\u00e3o e passamos a contempl\u00e1-lo como uma obra admir\u00e1vel das m\u00e3os de Deus, digna de honra, cuidado e amor.\u201d<\/strong><\/p>\n","protected":false},"excerpt":{"rendered":"<p>COMO DEUS V\u00ca NOSSO CORPO \u201cNunca conseguiremos honrar verdadeiramente o corpo do nosso c\u00f4njuge enquanto n\u00e3o enxergarmos o nosso pr\u00f3prio corpo com os olhos do Criador.\u201d \u2014 TEXTOS B\u00cdBLICOS Salmo 139:13-14 \u201cPois tu formaste o meu interior; tu me teceste no ventre de minha m\u00e3e. Eu te louvo porque me fizeste de modo especial e [&hellip;]<\/p>\n","protected":false},"author":1,"featured_media":352,"comment_status":"open","ping_status":"open","sticky":false,"template":"","format":"standard","meta":{"footnotes":""},"categories":[11],"tags":[],"class_list":["post-351","post","type-post","status-publish","format-standard","has-post-thumbnail","hentry","category-31-dias-de-intimidade-para-casais"],"_links":{"self":[{"href":"https:\/\/entrenosusa.com\/index.php?rest_route=\/wp\/v2\/posts\/351","targetHints":{"allow":["GET"]}}],"collection":[{"href":"https:\/\/entrenosusa.com\/index.php?rest_route=\/wp\/v2\/posts"}],"about":[{"href":"https:\/\/entrenosusa.com\/index.php?rest_route=\/wp\/v2\/types\/post"}],"author":[{"embeddable":true,"href":"https:\/\/entrenosusa.com\/index.php?rest_route=\/wp\/v2\/users\/1"}],"replies":[{"embeddable":true,"href":"https:\/\/entrenosusa.com\/index.php?rest_route=%2Fwp%2Fv2%2Fcomments&post=351"}],"version-history":[{"count":1,"href":"https:\/\/entrenosusa.com\/index.php?rest_route=\/wp\/v2\/posts\/351\/revisions"}],"predecessor-version":[{"id":353,"href":"https:\/\/entrenosusa.com\/index.php?rest_route=\/wp\/v2\/posts\/351\/revisions\/353"}],"wp:featuredmedia":[{"embeddable":true,"href":"https:\/\/entrenosusa.com\/index.php?rest_route=\/wp\/v2\/media\/352"}],"wp:attachment":[{"href":"https:\/\/entrenosusa.com\/index.php?rest_route=%2Fwp%2Fv2%2Fmedia&parent=351"}],"wp:term":[{"taxonomy":"category","embeddable":true,"href":"https:\/\/entrenosusa.com\/index.php?rest_route=%2Fwp%2Fv2%2Fcategories&post=351"},{"taxonomy":"post_tag","embeddable":true,"href":"https:\/\/entrenosusa.com\/index.php?rest_route=%2Fwp%2Fv2%2Ftags&post=351"}],"curies":[{"name":"wp","href":"https:\/\/api.w.org\/{rel}","templated":true}]}}